{"id":205382,"date":"2022-03-29T11:02:46","date_gmt":"2022-03-29T15:02:46","guid":{"rendered":"https:\/\/santemc.quebec\/icentre\/?p=205382"},"modified":"2022-03-29T16:20:44","modified_gmt":"2022-03-29T20:20:44","slug":"infolettre-au-coeur-de-nos-grands-projets-numero-1-copy-copy-copy","status":"publish","type":"post","link":"https:\/\/santemc.quebec\/icentre\/infolettre-au-coeur-de-nos-grands-projets-numero-1-copy-copy-copy\/","title":{"rendered":"Infolettre Au coeur de nos grands projets : num\u00e9ro 4"},"content":{"rendered":"<p><a href=\"https:\/\/santemc.quebec\/santemc\/icentre\/wp-content\/uploads\/2021\/06\/entete_au_coeur_grands_projets.png\"><img decoding=\"async\" loading=\"lazy\" class=\"aligncenter wp-image-196722 size-large\" src=\"https:\/\/santemc.quebec\/santemc\/icentre\/wp-content\/uploads\/2021\/06\/entete_au_coeur_grands_projets-1024x298.png\" alt=\"\" width=\"584\" height=\"170\" srcset=\"https:\/\/santemc.quebec\/santemc\/icentre\/wp-content\/uploads\/2021\/06\/entete_au_coeur_grands_projets-1024x298.png 1024w, https:\/\/santemc.quebec\/santemc\/icentre\/wp-content\/uploads\/2021\/06\/entete_au_coeur_grands_projets-300x87.png 300w, https:\/\/santemc.quebec\/santemc\/icentre\/wp-content\/uploads\/2021\/06\/entete_au_coeur_grands_projets-768x223.png 768w, https:\/\/santemc.quebec\/santemc\/icentre\/wp-content\/uploads\/2021\/06\/entete_au_coeur_grands_projets-500x145.png 500w, https:\/\/santemc.quebec\/santemc\/icentre\/wp-content\/uploads\/2021\/06\/entete_au_coeur_grands_projets.png 1125w\" sizes=\"(max-width: 584px) 100vw, 584px\" \/><\/a><\/p>\n<p><b>Destin\u00e9e \u00e0 l\u2019ensemble des employ\u00e9s et m\u00e9decins du CISSS de la Mont\u00e9r\u00e9gie-Centre, l\u2019infolettre <\/b><b><i>Au c\u0153ur de nos grands\u00a0projets<\/i><\/b><b> vise \u00e0 faire conna\u00eetre les projets internes de l\u2019organisation. Gr\u00e2ce \u00e0 cet outil,\u00a0<\/b><b>il sera possible de suivre l\u2019\u00e9volution des projets \u00e0 partir de leur conception jusqu\u2019\u00e0 leur livraison finale.<\/b><\/p>\n<p>Dans ce num\u00e9ro :<\/p>\n<ul>\n<li>Futur centre m\u00e8re-enfant et laboratoire associ\u00e9 de l\u2019H\u00f4pital du Haut-Richelieu :<br \/>\nles travaux d\u00e9buteront en juin 2022!<\/li>\n<\/ul>\n<p><!--more--><\/p>\n<p><a href=\"https:\/\/santemc.quebec\/santemc\/icentre\/wp-content\/uploads\/2022\/03\/InfolettreGrandsProjets_no4_2022-03-28.pdf\" target=\"_blank\" rel=\"noopener\">Consultez l&rsquo;infolettre en version PDF<\/a><\/p>\n<p><strong style=\"color: #00ac91;\">FUTUR CENTRE M\u00c8RE-ENFANT ET LABORATOIRE ASSOCI\u00c9 DE L&rsquo;H\u00d4PITAL DU HAUT-RICHELIEU : LES TRAVAUX D\u00c9BUTERONT EN JUIN 2022\u00a0<\/strong><\/p>\n<p><strong>Excellente nouvelle pour l\u2019H\u00f4pital du Haut-Richelieu (HHR) et la population de la r\u00e9gion : les travaux de construction du centre m\u00e8re-enfant et du laboratoire associ\u00e9 d\u00e9buteront en juin 2022. En effet, toutes les \u00e9tapes pr\u00e9paratoires ayant \u00e9t\u00e9 compl\u00e9t\u00e9es, le gouvernement a annonc\u00e9 la semaine derni\u00e8re l\u2019\u00e9tape importante du projet qui consiste \u00e0 am\u00e9nager le 3e \u00e9tage de l\u2019agrandissement de l\u2019HHR, actuellement vacant, pour accueillir ces deux secteurs.<\/strong><\/p>\n<p>Les travaux devraient s\u2019\u00e9chelonner sur une p\u00e9riode de 18 mois. Soulignons que la Fondation Sant\u00e9 contribue \u00e0 la r\u00e9alisation de ce projet \u00e0 la hauteur de 5 M$. Ces fonds ont \u00e9t\u00e9 amass\u00e9s dans le cadre de sa campagne de financement majeure <em>Unis pour la sant\u00e9<\/em>.<\/p>\n<p><strong>Centre m\u00e8re-enfant : chambres TARP et nouvelle aire de n\u00e9onatalit\u00e9<\/strong><br \/>\nLe futur centre m\u00e8re-enfant (CME) comprendra 14 chambres avec salle de bain et baignoire. Ces chambres priv\u00e9es de type TARP (Travail, Accouchement, R\u00e9cup\u00e9ration et Postpartum) permettent \u00e0 la m\u00e8re de demeurer dans son environnement tout au long de son \u00e9pisode de soins : durant le travail, lors de l\u2019accouchement et apr\u00e8s la naissance.<\/p>\n<div id=\"attachment_205385\" style=\"width: 310px\" class=\"wp-caption aligncenter\"><a href=\"https:\/\/santemc.quebec\/santemc\/icentre\/wp-content\/uploads\/2022\/03\/chambre_TARP.jpg\"><img aria-describedby=\"caption-attachment-205385\" decoding=\"async\" loading=\"lazy\" class=\"size-medium wp-image-205385\" src=\"https:\/\/santemc.quebec\/santemc\/icentre\/wp-content\/uploads\/2022\/03\/chambre_TARP-300x293.jpg\" alt=\"\" width=\"300\" height=\"293\" srcset=\"https:\/\/santemc.quebec\/santemc\/icentre\/wp-content\/uploads\/2022\/03\/chambre_TARP-300x293.jpg 300w, https:\/\/santemc.quebec\/santemc\/icentre\/wp-content\/uploads\/2022\/03\/chambre_TARP-307x300.jpg 307w, https:\/\/santemc.quebec\/santemc\/icentre\/wp-content\/uploads\/2022\/03\/chambre_TARP.jpg 474w\" sizes=\"(max-width: 300px) 100vw, 300px\" \/><\/a><p id=\"caption-attachment-205385\" class=\"wp-caption-text\">Chambre unique de type TARP<\/p><\/div>\n<p>La nouvelle configuration physique du CME permettra d\u2019am\u00e9nager d\u2019autres locaux cliniques tels que le triage (4 civi\u00e8res) et une nouvelle aire de soins de n\u00e9onatalit\u00e9 avec 5 isolettes, une salle de r\u00e9animation ainsi qu\u2019un local pour consultation en allaitement et bain de b\u00e9b\u00e9. Des locaux d\u00e9di\u00e9s \u00e0 la famille et des espaces clinico-administratifs y seront aussi am\u00e9nag\u00e9s.<\/p>\n<p>Soulignons \u00e9galement que le corridor menant \u00e0 l\u2019accueil du centre m\u00e8re-enfant a \u00e9t\u00e9 con\u00e7u afin de permettre aux patientes et \u00e0 leurs familles de se rep\u00e9rer facilement. En effet, la th\u00e9matique retenue pour ce secteur s\u2019inspirant de la nature avec une coloration aux accents de vert, cette couleur sera dispos\u00e9e strat\u00e9giquement sur certains murs et sur la signalisation menant au CME.<\/p>\n<div id=\"attachment_205386\" style=\"width: 310px\" class=\"wp-caption aligncenter\"><a href=\"https:\/\/santemc.quebec\/santemc\/icentre\/wp-content\/uploads\/2022\/03\/corridor.jpg\"><img aria-describedby=\"caption-attachment-205386\" decoding=\"async\" loading=\"lazy\" class=\"size-medium wp-image-205386\" src=\"https:\/\/santemc.quebec\/santemc\/icentre\/wp-content\/uploads\/2022\/03\/corridor-300x193.jpg\" alt=\"\" width=\"300\" height=\"193\" srcset=\"https:\/\/santemc.quebec\/santemc\/icentre\/wp-content\/uploads\/2022\/03\/corridor-300x193.jpg 300w, https:\/\/santemc.quebec\/santemc\/icentre\/wp-content\/uploads\/2022\/03\/corridor-465x300.jpg 465w, https:\/\/santemc.quebec\/santemc\/icentre\/wp-content\/uploads\/2022\/03\/corridor.jpg 535w\" sizes=\"(max-width: 300px) 100vw, 300px\" \/><\/a><p id=\"caption-attachment-205386\" class=\"wp-caption-text\">Corridor menant \u00e0 l\u2019accueil<br \/>du centre m\u00e8re-enfant<\/p><\/div>\n<p>&nbsp;<\/p>\n<p><strong style=\"color: #00ac91;\">LABORATOIRE ASSOCI\u00c9 : DES ESPACES \u00c0 LA FINE POINTE DE LA TECHNOLOGIE\u00a0<\/strong><\/p>\n<p>Situ\u00e9 \u00e9galement au 3 e \u00e9tage de l\u2019agrandissement de l\u2019H\u00f4pital du Haut-Richelieu, le nouveau laboratoire associ\u00e9 comprendra une r\u00e9ception centralis\u00e9e, un laboratoire central ayant des activit\u00e9s de biochimie, d\u2019h\u00e9matologie et de banque de sang ainsi qu\u2019un secteur de microbiologie, de cytologie et un secteur de pathologie.<\/p>\n<p>Le nouvel am\u00e9nagement de ces espaces tient compte du d\u00e9veloppement de l\u2019automatisation\/robotisation des secteurs. Soulignons qu\u2019\u00e0 ces espaces s\u2019ajoutent des locaux clinico-administratifs.<\/p>\n<div id=\"attachment_205387\" style=\"width: 310px\" class=\"wp-caption aligncenter\"><a href=\"https:\/\/santemc.quebec\/santemc\/icentre\/wp-content\/uploads\/2022\/03\/pathologie.png\"><img aria-describedby=\"caption-attachment-205387\" decoding=\"async\" loading=\"lazy\" class=\"size-medium wp-image-205387\" src=\"https:\/\/santemc.quebec\/santemc\/icentre\/wp-content\/uploads\/2022\/03\/pathologie-300x211.png\" alt=\"\" width=\"300\" height=\"211\" srcset=\"https:\/\/santemc.quebec\/santemc\/icentre\/wp-content\/uploads\/2022\/03\/pathologie-300x211.png 300w, https:\/\/santemc.quebec\/santemc\/icentre\/wp-content\/uploads\/2022\/03\/pathologie-427x300.png 427w, https:\/\/santemc.quebec\/santemc\/icentre\/wp-content\/uploads\/2022\/03\/pathologie.png 507w\" sizes=\"(max-width: 300px) 100vw, 300px\" \/><\/a><p id=\"caption-attachment-205387\" class=\"wp-caption-text\">Secteur de la pathologie<\/p><\/div>\n<p>L&rsquo;\u00e9quipe du BPO<br \/>\n<b>Lise <\/b><b>Pouliot, <\/b>pr\u00e9sidente-directrice g\u00e9n\u00e9rale adjointe et directrice du Bureau de projets organisationnels<br \/>\n<b>Julie Faucher, <\/b>coordonnatrice du Bureau de projets organisationnels<br \/>\n<b>Fr\u00e9d\u00e9ric <\/b><b>Ren\u00e9, <\/b>gestionnaire de projets organisationnels<br \/>\n<b>Dominique Laporte, <\/b>technicienne en administration<br \/>\nL\u2019\u00e9quipe de conseill\u00e8res-cadre et charg\u00e9es de projets :<br \/>\n<b>H\u00e9l\u00e8ne <\/b><b>Chabot<\/b>, <b>\u00c9milie <\/b><b>David, <\/b><b>Lynda <\/b><b>Dufresne et <\/b><b>Ariane <\/b><b>Lanoue<\/b><\/p>\n<p>&nbsp;<\/p>\n","protected":false},"excerpt":{"rendered":"<p>Destin\u00e9e \u00e0 l\u2019ensemble des employ\u00e9s et m\u00e9decins du CISSS de la Mont\u00e9r\u00e9gie-Centre, l\u2019infolettre Au c\u0153ur de nos grands\u00a0projets vise \u00e0 faire conna\u00eetre les projets internes de l\u2019organisation. Gr\u00e2ce \u00e0 cet outil,\u00a0il sera possible de suivre l\u2019\u00e9volution des projets \u00e0 partir &hellip; <a href=\"https:\/\/santemc.quebec\/icentre\/infolettre-au-coeur-de-nos-grands-projets-numero-1-copy-copy-copy\/\">Continuer la lecture <span class=\"meta-nav\">&rarr;<\/span><\/a><\/p>\n","protected":false},"author":9,"featured_media":0,"comment_status":"open","ping_status":"closed","sticky":false,"template":"","format":"standard","meta":{"footnotes":""},"categories":[1],"tags":[],"_links":{"self":[{"href":"https:\/\/santemc.quebec\/icentre\/wp-json\/wp\/v2\/posts\/205382"}],"collection":[{"href":"https:\/\/santemc.quebec\/icentre\/wp-json\/wp\/v2\/posts"}],"about":[{"href":"https:\/\/santemc.quebec\/icentre\/wp-json\/wp\/v2\/types\/post"}],"author":[{"embeddable":true,"href":"https:\/\/santemc.quebec\/icentre\/wp-json\/wp\/v2\/users\/9"}],"replies":[{"embeddable":true,"href":"https:\/\/santemc.quebec\/icentre\/wp-json\/wp\/v2\/comments?post=205382"}],"version-history":[{"count":4,"href":"https:\/\/santemc.quebec\/icentre\/wp-json\/wp\/v2\/posts\/205382\/revisions"}],"predecessor-version":[{"id":205390,"href":"https:\/\/santemc.quebec\/icentre\/wp-json\/wp\/v2\/posts\/205382\/revisions\/205390"}],"wp:attachment":[{"href":"https:\/\/santemc.quebec\/icentre\/wp-json\/wp\/v2\/media?parent=205382"}],"wp:term":[{"taxonomy":"category","embeddable":true,"href":"https:\/\/santemc.quebec\/icentre\/wp-json\/wp\/v2\/categories?post=205382"},{"taxonomy":"post_tag","embeddable":true,"href":"https:\/\/santemc.quebec\/icentre\/wp-json\/wp\/v2\/tags?post=205382"}],"curies":[{"name":"wp","href":"https:\/\/api.w.org\/{rel}","templated":true}]}}