{"id":205399,"date":"2022-03-29T16:03:39","date_gmt":"2022-03-29T20:03:39","guid":{"rendered":"https:\/\/santemc.quebec\/icentre\/?p=205399"},"modified":"2022-03-29T16:09:09","modified_gmt":"2022-03-29T20:09:09","slug":"agrement-capsule-dinformation-no-1-copy-copy-copy-copy-copy-copy-copy-copy-copy-copy-copy-copy-copy-copy-copy-copy-copy-copy-copy-copy-copy-copy-copy-copy-copy-copy-copy-copy-copy-copy-copy-copy-co-3","status":"publish","type":"post","link":"https:\/\/santemc.quebec\/icentre\/agrement-capsule-dinformation-no-1-copy-copy-copy-copy-copy-copy-copy-copy-copy-copy-copy-copy-copy-copy-copy-copy-copy-copy-copy-copy-copy-copy-copy-copy-copy-copy-copy-copy-copy-copy-copy-copy-co-3\/","title":{"rendered":"Agr\u00e9ment : capsule d&rsquo;information no 15"},"content":{"rendered":"<p><a href=\"https:\/\/santemc.quebec\/santemc\/icentre\/wp-content\/uploads\/2019\/05\/agrement.png\"><img decoding=\"async\" loading=\"lazy\" class=\" wp-image-10364 alignleft\" src=\"https:\/\/santemc.quebec\/santemc\/icentre\/wp-content\/uploads\/2019\/05\/agrement.png\" alt=\"\" width=\"106\" height=\"107\" srcset=\"https:\/\/santemc.quebec\/santemc\/icentre\/wp-content\/uploads\/2019\/05\/agrement.png 240w, https:\/\/santemc.quebec\/santemc\/icentre\/wp-content\/uploads\/2019\/05\/agrement-150x150.png 150w\" sizes=\"(max-width: 106px) 100vw, 106px\" \/><\/a><\/p>\n<p><strong><span style=\"color: #e7242a;\">Sujet : Services \u00e0 domicile en toute s\u00e9curit\u00e9<b><br \/>\n<\/b><\/span><\/strong><\/p>\n<p><strong><span style=\"color: #e7242a;\"><b><\/b>Public vis\u00e9 : Intervenants, m\u00e9decins et stagiaires qui effectue les interventions aupr\u00e8s de la client\u00e8le \u00e0 domicile<\/span><\/strong><\/p>\n<p><!--more--><\/p>\n<p><strong><span style=\"color: #e7242a;\">\u00c0 retenir<\/span><\/strong><\/p>\n<ol>\n<li>Le premier intervenant qui se rend au domicile de l\u2019usager effectue une \u00e9valuation des risques en mati\u00e8re de s\u00e9curit\u00e9, et ce, avant le d\u00e9but des services. Par la suite, les autres intervenants contribuent \u00e0 l\u2019\u00e9valuation qui est mise \u00e0 jour r\u00e9guli\u00e8rement.<\/li>\n<li>Cette \u00e9valuation est faite de concert et avec le consentement de l\u2019usager ou de son repr\u00e9sentant l\u00e9gal. Avec son autorisation, l\u2019information est communiqu\u00e9e aux partenaires qui participent \u00e0 la planification des soins.<\/li>\n<li>L\u2019usager re\u00e7oit de l\u2019information concernant les probl\u00e8mes<\/li>\n<\/ol>\n<p><strong><span style=\"color: #e7242a;\">D\u00e9finition<\/span><\/strong><\/p>\n<p>L\u2019\u00e9valuation en mati\u00e8re de s\u00e9curit\u00e9 \u00e0 domicile doit comprendre un examen :<\/p>\n<ul>\n<li>de l\u2019environnement physique int\u00e9rieur et ext\u00e9rieur;<\/li>\n<li>des risques chimiques et biologiques;<\/li>\n<li>des risques li\u00e9s aux incendies;<\/li>\n<li>des risques li\u00e9s aux chutes;<\/li>\n<li>des difficult\u00e9s de la sant\u00e9 physique et mentale de l\u2019usager qui exigent des pr\u00e9cautions sp\u00e9ciales;<\/li>\n<li>des facteurs de risque de l\u2019usager et des mesures d\u2019urgence;<\/li>\n<li>des facteurs de risque en lien avec le stade de d\u00e9veloppement de l\u2019enfant;<\/li>\n<li>du soutien du r\u00e9seau de l\u2019usager et les ressources qui lui sont disponibles.<\/li>\n<\/ul>\n<p>L\u2019information recueillie lors de l\u2019\u00e9valuation des risques \u00e0 domicile sert \u00e0 planifier des services qui\u00a0sont mieux adapt\u00e9s aux besoins de l\u2019usager et \u00e0 y apporter des am\u00e9liorations selon les constats.<\/p>\n<p><strong><span style=\"color: #e7242a;\">Concr\u00e8tement<\/span><\/strong><\/p>\n<ul>\n<li>Les rampes \u00e0 l\u2019int\u00e9rieur et \u00e0 l\u2019ext\u00e9rieur de la maison sont-elles en bon \u00e9tat?<\/li>\n<li>L\u2019acc\u00e8s \u00e0 la maison est-il d\u00e9gag\u00e9?<\/li>\n<li>Y a-t-il la pr\u00e9sence de moisissure visible, une accumulation d\u2019objets, une infestation de vermine ou d\u2019insectes, etc.?<\/li>\n<li>Est-ce qu\u2019il y a des armes \u00e0 feu \u00e0 domicile? Si oui, sont -elles entrepos\u00e9es de mani\u00e8re s\u00e9curitaire?<\/li>\n<li>Est-ce que l\u2019usager dispose de ses aiguilles de fa\u00e7on s\u00e9curitaire?<\/li>\n<li>Dans une demeure o\u00f9 vivent de jeunes enfants ou des personnes avec d\u00e9ficits cognitifs, les produits d\u00e9di\u00e9s \u00e0 l\u2019entretien m\u00e9nager sont-ils entrepos\u00e9s de fa\u00e7on s\u00e9curitaire?<\/li>\n<\/ul>\n<p><strong><span style=\"color: #e7242a;\">O\u00f9 trouver les documents<\/span><\/strong><\/p>\n<p>Plusieurs documents sont disponibles dans l\u2019intranet :<\/p>\n<ul>\n<li>DSM-101 &#8211; Proc\u00e9dure sur la gestion des risques en mati\u00e8re de s\u00e9curit\u00e9 au domicile et dans la communaut\u00e9.<\/li>\n<li>Guide destin\u00e9 aux intervenants : \u00c9valuer et intervenir en toute s\u00e9curit\u00e9 au domicile et dans la communaut\u00e9: un coffre \u00e0 outil indispensable.<\/li>\n<li>Formulaire \u00ab MC-117 &#8211; Identification des risques en mati\u00e8re de s\u00e9curit\u00e9 \u00e0 domicile.\u00bb<\/li>\n<li>Vous pouvez aussi obtenir une copie de la pochette \u00ab Ma s\u00e9curit\u00e9 et ma sant\u00e9 \u00bb et du feuillet \u00ab Chez soi, en s\u00e9curit\u00e9 \u00bb aupr\u00e8s de vos gestionnaires.<\/li>\n<\/ul>\n<p><a href=\"https:\/\/santemc.quebec\/santemc\/icentre\/wp-content\/uploads\/2022\/03\/No15-ServicesDomicileSecuritaires_29mars2022.pdf\" target=\"_blank\" rel=\"noopener\">Version PDF pour impression et pour affichage dans vos secteurs<\/a><\/p>\n","protected":false},"excerpt":{"rendered":"<p>Sujet : Services \u00e0 domicile en toute s\u00e9curit\u00e9 Public vis\u00e9 : Intervenants, m\u00e9decins et stagiaires qui effectue les interventions aupr\u00e8s de la client\u00e8le \u00e0 domicile<\/p>\n","protected":false},"author":9,"featured_media":0,"comment_status":"open","ping_status":"closed","sticky":false,"template":"","format":"standard","meta":{"footnotes":""},"categories":[1],"tags":[],"_links":{"self":[{"href":"https:\/\/santemc.quebec\/icentre\/wp-json\/wp\/v2\/posts\/205399"}],"collection":[{"href":"https:\/\/santemc.quebec\/icentre\/wp-json\/wp\/v2\/posts"}],"about":[{"href":"https:\/\/santemc.quebec\/icentre\/wp-json\/wp\/v2\/types\/post"}],"author":[{"embeddable":true,"href":"https:\/\/santemc.quebec\/icentre\/wp-json\/wp\/v2\/users\/9"}],"replies":[{"embeddable":true,"href":"https:\/\/santemc.quebec\/icentre\/wp-json\/wp\/v2\/comments?post=205399"}],"version-history":[{"count":2,"href":"https:\/\/santemc.quebec\/icentre\/wp-json\/wp\/v2\/posts\/205399\/revisions"}],"predecessor-version":[{"id":205402,"href":"https:\/\/santemc.quebec\/icentre\/wp-json\/wp\/v2\/posts\/205399\/revisions\/205402"}],"wp:attachment":[{"href":"https:\/\/santemc.quebec\/icentre\/wp-json\/wp\/v2\/media?parent=205399"}],"wp:term":[{"taxonomy":"category","embeddable":true,"href":"https:\/\/santemc.quebec\/icentre\/wp-json\/wp\/v2\/categories?post=205399"},{"taxonomy":"post_tag","embeddable":true,"href":"https:\/\/santemc.quebec\/icentre\/wp-json\/wp\/v2\/tags?post=205399"}],"curies":[{"name":"wp","href":"https:\/\/api.w.org\/{rel}","templated":true}]}}