{"id":205411,"date":"2022-03-30T14:56:17","date_gmt":"2022-03-30T18:56:17","guid":{"rendered":"https:\/\/santemc.quebec\/icentre\/?p=205411"},"modified":"2022-03-30T15:17:22","modified_gmt":"2022-03-30T19:17:22","slug":"de-la-formation-immersive-offerte-a-lhopital-du-haut-richelieu","status":"publish","type":"post","link":"https:\/\/santemc.quebec\/icentre\/de-la-formation-immersive-offerte-a-lhopital-du-haut-richelieu\/","title":{"rendered":"De la formation immersive offerte \u00e0 l\u2019H\u00f4pital du Haut-Richelieu"},"content":{"rendered":"<p><a href=\"https:\/\/santemc.quebec\/santemc\/icentre\/wp-content\/uploads\/2022\/03\/thumbnail_Image-2.jpg\"><img decoding=\"async\" loading=\"lazy\" class=\"alignnone size-full wp-image-205412\" src=\"https:\/\/santemc.quebec\/santemc\/icentre\/wp-content\/uploads\/2022\/03\/thumbnail_Image-2.jpg\" alt=\"\" width=\"1280\" height=\"960\" srcset=\"https:\/\/santemc.quebec\/santemc\/icentre\/wp-content\/uploads\/2022\/03\/thumbnail_Image-2.jpg 1280w, https:\/\/santemc.quebec\/santemc\/icentre\/wp-content\/uploads\/2022\/03\/thumbnail_Image-2-300x225.jpg 300w, https:\/\/santemc.quebec\/santemc\/icentre\/wp-content\/uploads\/2022\/03\/thumbnail_Image-2-1024x768.jpg 1024w, https:\/\/santemc.quebec\/santemc\/icentre\/wp-content\/uploads\/2022\/03\/thumbnail_Image-2-768x576.jpg 768w, https:\/\/santemc.quebec\/santemc\/icentre\/wp-content\/uploads\/2022\/03\/thumbnail_Image-2-400x300.jpg 400w\" sizes=\"(max-width: 1280px) 100vw, 1280px\" \/><\/a><\/p>\n<p>Les 22 et 23 mars, la formation a pris une nouvelle dimension \u00e0 l\u2019H\u00f4pital du Haut-Richelieu. Les infirmi\u00e8res, infirmi\u00e8res cliniciennes, CEPI, infirmi\u00e8res auxiliaires, CEPIA, externes en soins infirmiers et pr\u00e9pos\u00e9s aux b\u00e9n\u00e9ficiaires \u00e9taient convi\u00e9es \u00e0 une formation immersive.<!--more--><\/p>\n<p>Am\u00e9nag\u00e9e dans les locaux du 1<sup>er<\/sup> Nord, la chambre immersive a permis aux participants de revoir les bonnes pratiques en mati\u00e8re de soins infirmiers et de pr\u00e9vention et contr\u00f4le des infections en plus de leur permettre de pratiquer certaines s\u00e9quences propres \u00e0 des techniques de soins cibl\u00e9es. Les mises en situation ont favoris\u00e9 l\u2019\u00e9change entre les pairs, les r\u00e9troactions en temps r\u00e9el lors de la manipulation du mat\u00e9riel et d\u2019application du jugement clinique. Ces activit\u00e9s \u00ab\u2009en pr\u00e9sentiel\u2009\u00bb ont aussi \u00e9t\u00e9 l\u2019occasion d\u2019insister sur certaines Pratiques organisationnelles requises, \u00e9l\u00e9ments cl\u00e9s en pr\u00e9vision de la prochaine visite d\u2019Agr\u00e9ment Canada.<\/p>\n<p>Diff\u00e9rentes stations d\u2019enseignement permettaient aux membres des \u00e9quipes cliniques de choisir les aspects de leur pratique qu\u2019ils voulaient revoir et am\u00e9liorer, que ce soit en lien avec les mesures de contr\u00f4le, les l\u00e9sions de pression, l\u2019administration des produits sanguins labiles et les r\u00e9actions transfusionnelles, les drains thoraciques ou l\u2019hygi\u00e8ne des mains.<\/p>\n<p>Des conseill\u00e8res en soins infirmiers et des infirmi\u00e8res cliniciennes soutien \u00e0 la pratique clinique, du mat\u00e9riel adapt\u00e9 et des documents de r\u00e9f\u00e9rences \u00e9taient disponibles pour veiller \u00e0 ce que chaque participant puisse atteindre ses objectifs p\u00e9dagogiques, notamment en ce qui a trait \u00e0 l\u2019utilisation des pompes volum\u00e9triques Baxter Spectrum IQ, des pousse-seringues Excelsior et du fonctionnement du lit Umano.<\/p>\n<p>Les deux jours de formation ont permis d\u2019accueillir plus de 100 employ\u00e9s soit 59 infirmi\u00e8res, 22 infirmi\u00e8res auxiliaires, 16 pr\u00e9pos\u00e9s aux b\u00e9n\u00e9ficiaires et 5 \u00e9tudiants en soins infirmiers.<\/p>\n<p>Devant le succ\u00e8s rencontr\u00e9 lors de ces journ\u00e9es, la Direction des soins infirmiers planifiera de nouvelles occurrences de ce type de formation afin de permettre au plus grand nombre de professionnels en soins infirmiers et pr\u00e9pos\u00e9s aux b\u00e9n\u00e9ficiaires du CISSSMC de parfaire leurs connaissances, comp\u00e9tences, techniques et de r\u00e9viser certains aspects de leur pratique.<\/p>\n<p>\u00c0 la lumi\u00e8re des commentaires recueillis lors de la journ\u00e9e, cette nouvelle modalit\u00e9 d\u2019enseignement a \u00e9t\u00e9 fort appr\u00e9ci\u00e9e\u00a0: l\u2019apprentissage en action s\u2019inscrivant, selon les participants, comme compl\u00e9mentaire aux modes de formations plus th\u00e9oriques ou offerts en virtuel.<\/p>\n<p><strong>Merci \u00e0 tous les participants et participantes ainsi qu\u2019\u00e0 tous les formateurs et personnes mobilis\u00e9s pour l\u2019organisation et la r\u00e9alisation de ces deux journ\u00e9es.<\/strong><\/p>\n<p><iframe style=\"width: 100%; height: 800px; border: none;\" title=\"description\" src=\"https:\/\/cisssdelamontrgie-centre.pixieset.com\/formationimmersive\/\"><\/iframe><\/p>\n","protected":false},"excerpt":{"rendered":"<p>Les 22 et 23 mars, la formation a pris une nouvelle dimension \u00e0 l\u2019H\u00f4pital du Haut-Richelieu. Les infirmi\u00e8res, infirmi\u00e8res cliniciennes, CEPI, infirmi\u00e8res auxiliaires, CEPIA, externes en soins infirmiers et pr\u00e9pos\u00e9s aux b\u00e9n\u00e9ficiaires \u00e9taient convi\u00e9es \u00e0 une formation immersive.<\/p>\n","protected":false},"author":32,"featured_media":0,"comment_status":"open","ping_status":"closed","sticky":false,"template":"","format":"standard","meta":{"footnotes":""},"categories":[1],"tags":[],"_links":{"self":[{"href":"https:\/\/santemc.quebec\/icentre\/wp-json\/wp\/v2\/posts\/205411"}],"collection":[{"href":"https:\/\/santemc.quebec\/icentre\/wp-json\/wp\/v2\/posts"}],"about":[{"href":"https:\/\/santemc.quebec\/icentre\/wp-json\/wp\/v2\/types\/post"}],"author":[{"embeddable":true,"href":"https:\/\/santemc.quebec\/icentre\/wp-json\/wp\/v2\/users\/32"}],"replies":[{"embeddable":true,"href":"https:\/\/santemc.quebec\/icentre\/wp-json\/wp\/v2\/comments?post=205411"}],"version-history":[{"count":3,"href":"https:\/\/santemc.quebec\/icentre\/wp-json\/wp\/v2\/posts\/205411\/revisions"}],"predecessor-version":[{"id":205420,"href":"https:\/\/santemc.quebec\/icentre\/wp-json\/wp\/v2\/posts\/205411\/revisions\/205420"}],"wp:attachment":[{"href":"https:\/\/santemc.quebec\/icentre\/wp-json\/wp\/v2\/media?parent=205411"}],"wp:term":[{"taxonomy":"category","embeddable":true,"href":"https:\/\/santemc.quebec\/icentre\/wp-json\/wp\/v2\/categories?post=205411"},{"taxonomy":"post_tag","embeddable":true,"href":"https:\/\/santemc.quebec\/icentre\/wp-json\/wp\/v2\/tags?post=205411"}],"curies":[{"name":"wp","href":"https:\/\/api.w.org\/{rel}","templated":true}]}}