{"id":205415,"date":"2022-03-30T15:22:59","date_gmt":"2022-03-30T19:22:59","guid":{"rendered":"https:\/\/santemc.quebec\/icentre\/?p=205415"},"modified":"2022-03-30T15:36:33","modified_gmt":"2022-03-30T19:36:33","slug":"laffirmation-de-soi-sujet-de-cette-nouvelle-capsule-video","status":"publish","type":"post","link":"https:\/\/santemc.quebec\/icentre\/laffirmation-de-soi-sujet-de-cette-nouvelle-capsule-video\/","title":{"rendered":"L&rsquo;affirmation de soi : sujet de cette nouvelle capsule vid\u00e9o"},"content":{"rendered":"<p><iframe loading=\"lazy\" title=\"CISSSMC_SaineAffirmation\" src=\"https:\/\/player.vimeo.com\/video\/691369768?h=f9185cc2c5&amp;badge=0&amp;autopause=0&amp;player_id=0&amp;app_id=58479\" width=\"546\" height=\"400\" frameborder=\"0\" allowfullscreen=\"allowfullscreen\"><\/iframe><\/p>\n<p>Une attitude affirm\u00e9e et s\u00fbre de soi favorise l\u2019\u00e9galit\u00e9 dans les relations humaines en nous permettant d\u2019agir au mieux de nos int\u00e9r\u00eats, de nous d\u00e9fendre sans \u00e9prouver d\u2019anxi\u00e9t\u00e9 excessive, d\u2019exprimer nos sentiments librement et sans d\u00e9tour, et d\u2019exercer nos droits sans nier ceux des autres.<\/p>\n<p>La nouvelle capsule traite de l&rsquo;affirmation de soi.<!--more--><\/p>\n<p>L\u2019information dans la page intranet <strong><a href=\"https:\/\/intranetcisssmc.rtss.qc.ca\/espace-employe\/prevention-et-mieux-etre-au-travail\/comment-ca-va-vraiment\">Comment \u00e7a va, vraiment?<\/a><\/strong> est mise \u00e0 jour r\u00e9guli\u00e8rement : n&rsquo;h\u00e9sitez pas \u00e0 la consulter au besoin.<\/p>\n<p><a href=\"https:\/\/intranetcisssmc.rtss.qc.ca\/espace-employe\/prevention-et-mieux-etre-au-travail\/comment-ca-va-vraiment\/liste-des-bienveilleurs\" target=\"_blank\" rel=\"noopener\">Plusieurs bienveilleurs<\/a> commencent \u00e0 \u00eatre d\u00e9ploy\u00e9s dans les \u00e9quipes. Cela dit, nous sommes toujours \u00e0 la recherche <strong>d\u2019ambassadeurs de la bienveillance<\/strong>. Pour poser votre candidature ou soumettre celle d\u2019un coll\u00e8gue, visitez la section du <i>Programme de soutien par les pair<\/i>s sur intranet en\u00a0<a href=\"https:\/\/intranetcisssmc.rtss.qc.ca\/espace-employe\/prevention-et-mieux-etre-au-travail\/comment-ca-va-vraiment#c3190\">cliquant ici<\/a>.<\/p>\n","protected":false},"excerpt":{"rendered":"<p>Une attitude affirm\u00e9e et s\u00fbre de soi favorise l\u2019\u00e9galit\u00e9 dans les relations humaines en nous permettant d\u2019agir au mieux de nos int\u00e9r\u00eats, de nous d\u00e9fendre sans \u00e9prouver d\u2019anxi\u00e9t\u00e9 excessive, d\u2019exprimer nos sentiments librement et sans d\u00e9tour, et d\u2019exercer nos droits &hellip; <a href=\"https:\/\/santemc.quebec\/icentre\/laffirmation-de-soi-sujet-de-cette-nouvelle-capsule-video\/\">Continuer la lecture <span class=\"meta-nav\">&rarr;<\/span><\/a><\/p>\n","protected":false},"author":32,"featured_media":0,"comment_status":"open","ping_status":"closed","sticky":false,"template":"","format":"standard","meta":{"footnotes":""},"categories":[1],"tags":[],"_links":{"self":[{"href":"https:\/\/santemc.quebec\/icentre\/wp-json\/wp\/v2\/posts\/205415"}],"collection":[{"href":"https:\/\/santemc.quebec\/icentre\/wp-json\/wp\/v2\/posts"}],"about":[{"href":"https:\/\/santemc.quebec\/icentre\/wp-json\/wp\/v2\/types\/post"}],"author":[{"embeddable":true,"href":"https:\/\/santemc.quebec\/icentre\/wp-json\/wp\/v2\/users\/32"}],"replies":[{"embeddable":true,"href":"https:\/\/santemc.quebec\/icentre\/wp-json\/wp\/v2\/comments?post=205415"}],"version-history":[{"count":12,"href":"https:\/\/santemc.quebec\/icentre\/wp-json\/wp\/v2\/posts\/205415\/revisions"}],"predecessor-version":[{"id":205429,"href":"https:\/\/santemc.quebec\/icentre\/wp-json\/wp\/v2\/posts\/205415\/revisions\/205429"}],"wp:attachment":[{"href":"https:\/\/santemc.quebec\/icentre\/wp-json\/wp\/v2\/media?parent=205415"}],"wp:term":[{"taxonomy":"category","embeddable":true,"href":"https:\/\/santemc.quebec\/icentre\/wp-json\/wp\/v2\/categories?post=205415"},{"taxonomy":"post_tag","embeddable":true,"href":"https:\/\/santemc.quebec\/icentre\/wp-json\/wp\/v2\/tags?post=205415"}],"curies":[{"name":"wp","href":"https:\/\/api.w.org\/{rel}","templated":true}]}}