{"id":205472,"date":"2022-04-04T11:46:22","date_gmt":"2022-04-04T15:46:22","guid":{"rendered":"https:\/\/santemc.quebec\/icentre\/?p=205472"},"modified":"2022-04-04T13:33:11","modified_gmt":"2022-04-04T17:33:11","slug":"semaine-quebecoise-des-educatrices-et-educateurs-specialises-des-intervenants-terrain-qui-ont-a-coeur-que-la-personne-puisse-sepanouir-au-quotidien-de-facon-optimale","status":"publish","type":"post","link":"https:\/\/santemc.quebec\/icentre\/semaine-quebecoise-des-educatrices-et-educateurs-specialises-des-intervenants-terrain-qui-ont-a-coeur-que-la-personne-puisse-sepanouir-au-quotidien-de-facon-optimale\/","title":{"rendered":"Semaine qu\u00e9b\u00e9coise des \u00e9ducatrices et \u00e9ducateurs sp\u00e9cialis\u00e9s : des intervenants terrain qui ont \u00e0 c\u0153ur que la personne puisse s\u2019\u00e9panouir au quotidien, de fa\u00e7on optimale"},"content":{"rendered":"<p><a href=\"https:\/\/santemc.quebec\/santemc\/icentre\/wp-content\/uploads\/2022\/04\/Affiche01F.png\"><img decoding=\"async\" loading=\"lazy\" class=\"wp-image-205471 alignleft\" src=\"https:\/\/santemc.quebec\/santemc\/icentre\/wp-content\/uploads\/2022\/04\/Affiche01F.png\" alt=\"\" width=\"363\" height=\"318\" \/><\/a><\/p>\n<p><strong>Du 3 au 9 avril a lieu la Semaine qu\u00e9b\u00e9coise des \u00e9ducatrices et \u00e9ducateurs sp\u00e9cialis\u00e9s.<\/strong><\/p>\n<p>Organis\u00e9e sous le th\u00e8me \u00ab\u2009Intervenir professionnellement avec c\u0153ur\u2009\u00bb, cette semaine est l\u2019occasion de reconna\u00eetre la contribution sp\u00e9cifique de la soixantaine d\u2019\u00e9ducateurs sp\u00e9cialis\u00e9s du CISSSMC dans la vie de nos usagers et r\u00e9sidents ainsi qu\u2019au sein de nos \u00e9quipes multidisciplinaires.<\/p>\n<p><strong><em>\u00catre \u00e9ducateur sp\u00e9cialis\u00e9, c\u2019est \u00eatre sur le terrain et avoir \u00e0 c\u0153ur que la personne puisse s\u2019\u00e9panouir au quotidien, de fa\u00e7on optimale.\u00a0<\/em><\/strong><\/p>\n<p><!--more--><\/p>\n<p>Acteurs importants, notamment dans le domaine de la sant\u00e9 mentale et des relations humaines, les \u00e9ducateurs sp\u00e9cialis\u00e9s sont des agents actifs du processus d\u2019int\u00e9gration sociale de la personne. Leur champ d\u2019intervention sp\u00e9cifique les am\u00e8ne \u00e0 intervenir au quotidien aupr\u00e8s des client\u00e8les les plus diverses et vuln\u00e9rables, allant des enfants aux personnes en perte d\u2019autonomie.<\/p>\n<p>Quotidiennement, ils contribuent \u00e0 observer et \u00e0 \u00e9valuer les besoins, les capacit\u00e9s, les habitudes de vie et les comportements de personnes en difficult\u00e9 d\u2019adaptation psychosociale. Ils participent au d\u00e9pistage, \u00e0 l\u2019estimation, \u00e0 la d\u00e9tection ainsi qu\u2019\u00e0 l\u2019appr\u00e9ciation de troubles non diagnostiqu\u00e9s et peuvent m\u00eame \u00eatre appel\u00e9s \u00e0 \u00e9valuer le risque suicidaire et la dangerosit\u00e9 que pr\u00e9sente une personne en situation de crise.<\/p>\n<p>Au CISSSMC, ils sont, entre autres, pr\u00e9sents dans les \u00e9quipes \u0153uvrant en sant\u00e9 mentale, en jeunesse, au service de soutien \u00e0 domicile et en CHSLD.<\/p>\n<p><strong><em>\u00c0 tous les \u00e9ducateurs sp\u00e9cialis\u00e9s du CISSSMC : merci d\u2019intervenir professionnellement avec c\u0153ur!<\/em><\/strong><\/p>\n<p>&nbsp;<\/p>\n","protected":false},"excerpt":{"rendered":"<p>Du 3 au 9 avril a lieu la Semaine qu\u00e9b\u00e9coise des \u00e9ducatrices et \u00e9ducateurs sp\u00e9cialis\u00e9s. Organis\u00e9e sous le th\u00e8me \u00ab\u2009Intervenir professionnellement avec c\u0153ur\u2009\u00bb, cette semaine est l\u2019occasion de reconna\u00eetre la contribution sp\u00e9cifique de la soixantaine d\u2019\u00e9ducateurs sp\u00e9cialis\u00e9s du CISSSMC dans &hellip; <a href=\"https:\/\/santemc.quebec\/icentre\/semaine-quebecoise-des-educatrices-et-educateurs-specialises-des-intervenants-terrain-qui-ont-a-coeur-que-la-personne-puisse-sepanouir-au-quotidien-de-facon-optimale\/\">Continuer la lecture <span class=\"meta-nav\">&rarr;<\/span><\/a><\/p>\n","protected":false},"author":32,"featured_media":0,"comment_status":"open","ping_status":"closed","sticky":false,"template":"","format":"standard","meta":{"footnotes":""},"categories":[1],"tags":[],"_links":{"self":[{"href":"https:\/\/santemc.quebec\/icentre\/wp-json\/wp\/v2\/posts\/205472"}],"collection":[{"href":"https:\/\/santemc.quebec\/icentre\/wp-json\/wp\/v2\/posts"}],"about":[{"href":"https:\/\/santemc.quebec\/icentre\/wp-json\/wp\/v2\/types\/post"}],"author":[{"embeddable":true,"href":"https:\/\/santemc.quebec\/icentre\/wp-json\/wp\/v2\/users\/32"}],"replies":[{"embeddable":true,"href":"https:\/\/santemc.quebec\/icentre\/wp-json\/wp\/v2\/comments?post=205472"}],"version-history":[{"count":2,"href":"https:\/\/santemc.quebec\/icentre\/wp-json\/wp\/v2\/posts\/205472\/revisions"}],"predecessor-version":[{"id":205474,"href":"https:\/\/santemc.quebec\/icentre\/wp-json\/wp\/v2\/posts\/205472\/revisions\/205474"}],"wp:attachment":[{"href":"https:\/\/santemc.quebec\/icentre\/wp-json\/wp\/v2\/media?parent=205472"}],"wp:term":[{"taxonomy":"category","embeddable":true,"href":"https:\/\/santemc.quebec\/icentre\/wp-json\/wp\/v2\/categories?post=205472"},{"taxonomy":"post_tag","embeddable":true,"href":"https:\/\/santemc.quebec\/icentre\/wp-json\/wp\/v2\/tags?post=205472"}],"curies":[{"name":"wp","href":"https:\/\/api.w.org\/{rel}","templated":true}]}}