{"id":205570,"date":"2022-04-14T14:27:42","date_gmt":"2022-04-14T18:27:42","guid":{"rendered":"https:\/\/santemc.quebec\/icentre\/?p=205570"},"modified":"2022-04-14T14:28:32","modified_gmt":"2022-04-14T18:28:32","slug":"operation-enfant-soleil-verse76%e2%80%89501-aux-hopitaux-du-cisss-de-la-monteregie-centre","status":"publish","type":"post","link":"https:\/\/santemc.quebec\/icentre\/operation-enfant-soleil-verse76%e2%80%89501-aux-hopitaux-du-cisss-de-la-monteregie-centre\/","title":{"rendered":"Op\u00e9ration Enfant Soleil verse 76\u2009501 $ aux h\u00f4pitaux du CISSS de la Mont\u00e9r\u00e9gie-Centre"},"content":{"rendered":"<p>Op\u00e9ration Enfant Soleil, en collaboration avec le minist\u00e8re de la Sant\u00e9 et des Services sociaux (MSSS), verse une somme de 76\u2009501 $ aux h\u00f4pitaux du CISSS de la Mont\u00e9r\u00e9gie-Centre pour assurer le mieux-\u00eatre des enfants.<\/p>\n<p><!--more--><\/p>\n<p>Nous vous invitons \u00e0 visionner cette\u00a0\u200bcapsule vid\u00e9o o\u00f9 Dre\u00a0<b>Laurie Marleau<\/b>, p\u00e9diatre, et madame <b>St\u00e9phanie Morissette<\/b>, chef de l\u2019unit\u00e9 m\u00e8re-enfant, l\u2019unit\u00e9 de p\u00e9diatrie et des services ambulatoires p\u00e9diatriques et gyn\u00e9co-obst\u00e9triques \u00e0 l\u2019H\u00f4pital du Haut-Richelieu, t\u00e9moignent de l\u2019importance des dons re\u00e7us.\u00a0<b>Lien pour visionner la capsule vid\u00e9o:\u00a0<a title=\"\" href=\"https:\/\/can01.safelinks.protection.outlook.com\/?url=https%3A%2F%2Fwww.youtube.com%2Fwatch%3Fv%3DYEsT8EmXFfI&amp;data=04%7C01%7Ccaroline.robert.cisssmc16%40ssss.gouv.qc.ca%7C5a9e678a4ea54411157908da1e43a63e%7C06e1fe285f8b4075bf6cae24be1a7992%7C0%7C0%7C637855573135619646%7CUnknown%7CTWFpbGZsb3d8eyJWIjoiMC4wLjAwMDAiLCJQIjoiV2luMzIiLCJBTiI6Ik1haWwiLCJXVCI6Mn0%3D%7C3000&amp;sdata=OYf6NDUtsXKzIoIvOMLTFUrOOI2SuMkzw%2FZhlJ%2FaeM8%3D&amp;reserved=0\" target=\"_blank\" rel=\"noopener noreferrer\" data-auth=\"VerificationFailed\" data-linkindex=\"0\">https:\/\/www.youtube.com\/watch?v=YEsT8EmXFfI<\/a>\u00a0<\/b><\/p>\n<p>Voici le d\u00e9tail des octrois en Mont\u00e9r\u00e9gie-Centre\u00a0:<\/p>\n<p><b>51\u2009822 $ remis \u00e0 l\u2019H\u00f4pital du Haut-Richelieu<br \/>\n<\/b>L\u2019octroi permettra \u00e0 l\u2019H\u00f4pital de se procurer un CPAP\/Bipap, un appareil respiratoire permettant aux enfants en p\u00e9diatrie d\u2019avoir une meilleure r\u00e9cup\u00e9ration au niveau de l\u2019effort respiratoire et ainsi diminuer les risques d\u2019intubation. \u00c0 ce jour, Op\u00e9ration Enfant Soleil a vers\u00e9 509\u2009417 $ \u00e0 cet \u00e9tablissement.<\/p>\n<p><b>24\u2009679\u00a0$ remis \u00e0 l\u2019H\u00f4pital Charles-Le Moyne<br \/>\n<\/b>Op\u00e9ration Enfant Soleil et le MSSS offrent chacun la somme de 6\u2009019 $ pour l\u2019achat d\u2019un bilirubinom\u00e8tre, permettant de suivre le taux de bilirubine dans le sang et d\u2019un moniteur \u00e0 signes vitaux, permettant d\u2019assurer une surveillance constante des param\u00e8tres vitaux des enfants. La balance de l&rsquo;octroi permettra \u00e9galement \u00e0 l\u2019H\u00f4pital de se procurer un spirom\u00e8tre avec \u00e9cran tactile, un appareil permettant le d\u00e9pistage et une prise en charge plus rapides de l\u2019asthme et des probl\u00e8mes respiratoires. L\u2019acquisition d\u2019un lit bassinette, qui assure le confort des poupons et d\u2019un lit p\u00e9diatrique, qui facilite les interventions du personnel soignant tout en assurant le bien-\u00eatre des enfants, sera \u00e9galement possible gr\u00e2ce \u00e0 la somme remise. \u00c0 ce jour, Op\u00e9ration Enfant Soleil a vers\u00e9 264\u2009602 $ \u00e0 cet H\u00f4pital.<\/p>\n","protected":false},"excerpt":{"rendered":"<p>Op\u00e9ration Enfant Soleil, en collaboration avec le minist\u00e8re de la Sant\u00e9 et des Services sociaux (MSSS), verse une somme de 76\u2009501 $ aux h\u00f4pitaux du CISSS de la Mont\u00e9r\u00e9gie-Centre pour assurer le mieux-\u00eatre des enfants.<\/p>\n","protected":false},"author":9,"featured_media":0,"comment_status":"open","ping_status":"closed","sticky":false,"template":"","format":"standard","meta":{"footnotes":""},"categories":[1],"tags":[],"_links":{"self":[{"href":"https:\/\/santemc.quebec\/icentre\/wp-json\/wp\/v2\/posts\/205570"}],"collection":[{"href":"https:\/\/santemc.quebec\/icentre\/wp-json\/wp\/v2\/posts"}],"about":[{"href":"https:\/\/santemc.quebec\/icentre\/wp-json\/wp\/v2\/types\/post"}],"author":[{"embeddable":true,"href":"https:\/\/santemc.quebec\/icentre\/wp-json\/wp\/v2\/users\/9"}],"replies":[{"embeddable":true,"href":"https:\/\/santemc.quebec\/icentre\/wp-json\/wp\/v2\/comments?post=205570"}],"version-history":[{"count":2,"href":"https:\/\/santemc.quebec\/icentre\/wp-json\/wp\/v2\/posts\/205570\/revisions"}],"predecessor-version":[{"id":205572,"href":"https:\/\/santemc.quebec\/icentre\/wp-json\/wp\/v2\/posts\/205570\/revisions\/205572"}],"wp:attachment":[{"href":"https:\/\/santemc.quebec\/icentre\/wp-json\/wp\/v2\/media?parent=205570"}],"wp:term":[{"taxonomy":"category","embeddable":true,"href":"https:\/\/santemc.quebec\/icentre\/wp-json\/wp\/v2\/categories?post=205570"},{"taxonomy":"post_tag","embeddable":true,"href":"https:\/\/santemc.quebec\/icentre\/wp-json\/wp\/v2\/tags?post=205570"}],"curies":[{"name":"wp","href":"https:\/\/api.w.org\/{rel}","templated":true}]}}