{"id":205573,"date":"2022-04-14T15:04:09","date_gmt":"2022-04-14T19:04:09","guid":{"rendered":"https:\/\/santemc.quebec\/icentre\/?p=205573"},"modified":"2022-04-14T15:15:36","modified_gmt":"2022-04-14T19:15:36","slug":"visitez-les-themes-de-lagrement-en-video-la-confidentialite","status":"publish","type":"post","link":"https:\/\/santemc.quebec\/icentre\/visitez-les-themes-de-lagrement-en-video-la-confidentialite\/","title":{"rendered":"Visitez les th\u00e8mes de l\u2019Agr\u00e9ment en vid\u00e9o \u2013 La confidentialit\u00e9"},"content":{"rendered":"<p class=\"x_MsoNormal\">Nous avons rencontr\u00e9 des \u00e9quipes sur le terrain qui nous expliquent les th\u00e8mes de l\u2019Agr\u00e9ment, appliqu\u00e9s au quotidien.<\/p>\n<p class=\"x_MsoNormal\">Une fa\u00e7on simplifi\u00e9e de se rappeler les bonnes pratiques!<!--more--><\/p>\n<p class=\"x_MsoNormal\">D\u00e9couvrez la confidentialit\u00e9 vue par le service des archives de l\u2019H\u00f4pital Charles-Le Moyne, le gardien des renseignements personnels.<\/p>\n<ul>\n<li>Qu\u2019est-ce qu\u2019une information confidentielle?<\/li>\n<li>Quels gestes poser pour prot\u00e9ger les renseignements personnels?<\/li>\n<li>Qui peut avoir acc\u00e8s au dossier m\u00e9dical d\u2019un usager?<\/li>\n<\/ul>\n<p class=\"x_MsoNormal\">Saviez-vous que vous avez acc\u00e8s \u00e0 la documentation entourant la d\u00e9marche d\u2019Agr\u00e9ment sur\u00a0<a href=\"https:\/\/intranetcisssmc.rtss.qc.ca\/directions-cliniques\/direction-qualite-evaluation-performance-ethique-et-lean\/agrement-cisssmc-2018-2023\/a-propos\" target=\"_blank\" rel=\"noopener noreferrer\" data-auth=\"NotApplicable\" data-linkindex=\"0\">l\u2019intranet du CISSSMC<\/a>?<\/p>\n<p><iframe loading=\"lazy\" src=\"https:\/\/player.vimeo.com\/video\/699471151?h=026e4c3687\" width=\"640\" height=\"360\" frameborder=\"0\" allowfullscreen=\"allowfullscreen\"><\/iframe><\/p>\n","protected":false},"excerpt":{"rendered":"<p>Nous avons rencontr\u00e9 des \u00e9quipes sur le terrain qui nous expliquent les th\u00e8mes de l\u2019Agr\u00e9ment, appliqu\u00e9s au quotidien. Une fa\u00e7on simplifi\u00e9e de se rappeler les bonnes pratiques!<\/p>\n","protected":false},"author":1,"featured_media":0,"comment_status":"open","ping_status":"closed","sticky":false,"template":"","format":"standard","meta":{"footnotes":""},"categories":[1],"tags":[],"_links":{"self":[{"href":"https:\/\/santemc.quebec\/icentre\/wp-json\/wp\/v2\/posts\/205573"}],"collection":[{"href":"https:\/\/santemc.quebec\/icentre\/wp-json\/wp\/v2\/posts"}],"about":[{"href":"https:\/\/santemc.quebec\/icentre\/wp-json\/wp\/v2\/types\/post"}],"author":[{"embeddable":true,"href":"https:\/\/santemc.quebec\/icentre\/wp-json\/wp\/v2\/users\/1"}],"replies":[{"embeddable":true,"href":"https:\/\/santemc.quebec\/icentre\/wp-json\/wp\/v2\/comments?post=205573"}],"version-history":[{"count":2,"href":"https:\/\/santemc.quebec\/icentre\/wp-json\/wp\/v2\/posts\/205573\/revisions"}],"predecessor-version":[{"id":205576,"href":"https:\/\/santemc.quebec\/icentre\/wp-json\/wp\/v2\/posts\/205573\/revisions\/205576"}],"wp:attachment":[{"href":"https:\/\/santemc.quebec\/icentre\/wp-json\/wp\/v2\/media?parent=205573"}],"wp:term":[{"taxonomy":"category","embeddable":true,"href":"https:\/\/santemc.quebec\/icentre\/wp-json\/wp\/v2\/categories?post=205573"},{"taxonomy":"post_tag","embeddable":true,"href":"https:\/\/santemc.quebec\/icentre\/wp-json\/wp\/v2\/tags?post=205573"}],"curies":[{"name":"wp","href":"https:\/\/api.w.org\/{rel}","templated":true}]}}