{"id":205621,"date":"2022-04-22T15:29:56","date_gmt":"2022-04-22T19:29:56","guid":{"rendered":"https:\/\/santemc.quebec\/icentre\/?p=205621"},"modified":"2022-04-22T15:30:20","modified_gmt":"2022-04-22T19:30:20","slug":"22-avril-jour-de-la-terre","status":"publish","type":"post","link":"https:\/\/santemc.quebec\/icentre\/22-avril-jour-de-la-terre\/","title":{"rendered":"22 avril, Jour de la Terre"},"content":{"rendered":"<p><em>Richard Deschamps, pr\u00e9sident-directeur g\u00e9n\u00e9ral :<\/em><\/p>\n<p>Depuis plusieurs mois et malgr\u00e9 le contexte de la pand\u00e9mie, le CISSS de la Mont\u00e9r\u00e9gie-Centre a men\u00e9 des d\u00e9marches cibl\u00e9es afin d\u2019asseoir officiellement, des balises claires en mati\u00e8re de d\u00e9veloppement durable, balises qui doivent encadrer nos actions et nos d\u00e9cisions.<!--more--><\/p>\n<p>Au plus r\u00e9cent conseil d\u2019administration, ce ne sont pas moins de sept politiques qui ont \u00e9t\u00e9 adopt\u00e9es. Ces politiques s\u2019inscrivent, d\u00e8s maintenant, comme des leviers qui viennent l\u00e9gitimer les changements qu\u2019il est n\u00e9cessaire d\u2019op\u00e9rer afin d\u2019acc\u00e9l\u00e9rer notre transition vers une organisation plus verte. Portant, entre autres, sur l\u2019adaptation aux changements climatiques, la gestion de l\u2019eau, le recyclage et le compostage, l\u2019alimentation saine et durable, la mobilit\u00e9, la tenue d\u2019\u00e9v\u00e9nements ainsi que sur l\u2019approvisionnement responsable, ces nouvelles politiques se traduiront concr\u00e8tement dans nos milieux par des modifications \u00e0 nos fa\u00e7ons de faire.<\/p>\n<p>D\u00e9j\u00e0, des changements sont amorc\u00e9s dans certaines de nos installations. R\u00e9cemment, vous entendiez parler, sur l\u2019intranet, du projet de r\u00e9cup\u00e9ration et d\u2019insertion sociale men\u00e9 \u00e0 l\u2019H\u00f4pital Charles-Le Moyne (HCLM) et du renouvellement de notre offre d\u2019abonnement aux paniers bios.<\/p>\n<p>En coulisses, d\u2019autres accomplissements s\u2019actualisent, nous permettant, graduellement, de nous inscrire dans cette nouvelle vision : quantification des GES g\u00e9n\u00e9r\u00e9s par nos op\u00e9rations, d\u00e9marrage d\u2019un plan de mobilit\u00e9 durable, recyclage des \u00e9lectroniques, diminution des plastiques \u00e0 usage unique aux blocs op\u00e9ratoires (HHR et HCLM), etc. Pour tout savoir sur les initiatives men\u00e9es au CISSSMC, vous pouvez visiter la page intranet : <a href=\"http:\/\/intranetcisssmc.rtss.qc.ca\/developpement-durable\" target=\"_blank\" rel=\"noopener\">intranetcisssmc.rtss.qc.ca\/developpement-durable<\/a><\/p>\n<p>Merci \u00e0 vous tous qui \u00eates d\u00e9j\u00e0 mobilis\u00e9s, et j\u2019invite chacun d\u2019entre vous, en ce Jour de la Terre 2022, \u00e0 devenir des acteurs de ces changements qui sont n\u00e9cessaires.<\/p>\n","protected":false},"excerpt":{"rendered":"<p>Richard Deschamps, pr\u00e9sident-directeur g\u00e9n\u00e9ral : Depuis plusieurs mois et malgr\u00e9 le contexte de la pand\u00e9mie, le CISSS de la Mont\u00e9r\u00e9gie-Centre a men\u00e9 des d\u00e9marches cibl\u00e9es afin d\u2019asseoir officiellement, des balises claires en mati\u00e8re de d\u00e9veloppement durable, balises qui doivent encadrer &hellip; <a href=\"https:\/\/santemc.quebec\/icentre\/22-avril-jour-de-la-terre\/\">Continuer la lecture <span class=\"meta-nav\">&rarr;<\/span><\/a><\/p>\n","protected":false},"author":1,"featured_media":0,"comment_status":"open","ping_status":"closed","sticky":false,"template":"","format":"standard","meta":{"footnotes":""},"categories":[1],"tags":[],"_links":{"self":[{"href":"https:\/\/santemc.quebec\/icentre\/wp-json\/wp\/v2\/posts\/205621"}],"collection":[{"href":"https:\/\/santemc.quebec\/icentre\/wp-json\/wp\/v2\/posts"}],"about":[{"href":"https:\/\/santemc.quebec\/icentre\/wp-json\/wp\/v2\/types\/post"}],"author":[{"embeddable":true,"href":"https:\/\/santemc.quebec\/icentre\/wp-json\/wp\/v2\/users\/1"}],"replies":[{"embeddable":true,"href":"https:\/\/santemc.quebec\/icentre\/wp-json\/wp\/v2\/comments?post=205621"}],"version-history":[{"count":1,"href":"https:\/\/santemc.quebec\/icentre\/wp-json\/wp\/v2\/posts\/205621\/revisions"}],"predecessor-version":[{"id":205622,"href":"https:\/\/santemc.quebec\/icentre\/wp-json\/wp\/v2\/posts\/205621\/revisions\/205622"}],"wp:attachment":[{"href":"https:\/\/santemc.quebec\/icentre\/wp-json\/wp\/v2\/media?parent=205621"}],"wp:term":[{"taxonomy":"category","embeddable":true,"href":"https:\/\/santemc.quebec\/icentre\/wp-json\/wp\/v2\/categories?post=205621"},{"taxonomy":"post_tag","embeddable":true,"href":"https:\/\/santemc.quebec\/icentre\/wp-json\/wp\/v2\/tags?post=205621"}],"curies":[{"name":"wp","href":"https:\/\/api.w.org\/{rel}","templated":true}]}}