{"id":205639,"date":"2022-04-25T09:34:00","date_gmt":"2022-04-25T13:34:00","guid":{"rendered":"https:\/\/santemc.quebec\/icentre\/?p=205639"},"modified":"2022-04-26T10:01:42","modified_gmt":"2022-04-26T14:01:42","slug":"programme-passerelle-intensive-en-soins-infirmiers-trois-etudiants-du-cegep-de-saint-jean-sur-richelieu-recoivent-une-bourse-de-500","status":"publish","type":"post","link":"https:\/\/santemc.quebec\/icentre\/programme-passerelle-intensive-en-soins-infirmiers-trois-etudiants-du-cegep-de-saint-jean-sur-richelieu-recoivent-une-bourse-de-500\/","title":{"rendered":"Trois employ\u00e9s du CISSSMC reconnus pour leur formation en soins infirmiers"},"content":{"rendered":"<p class=\"x_MsoNormal\">En mars dernier, trois employ\u00e9s du CISSSMC, qui sont \u00e9galement \u00e9tudiants au C\u00e9gep de Saint-Jean-sur-Richelieu dans le\u00a0<b>programme Passerelle intensive en soins infirmiers<\/b>, ont re\u00e7u une bourse de 500 $ de la Fondation du C\u00e9gep, pour leur pers\u00e9v\u00e9rance et leur parcours scolaire exceptionnel. Rappelons que la formation <b><i>Passerelle intensive en soins infirmiers<\/i><\/b>\u00a0est le fruit d\u2019un partenariat entre le CISSSMC et le C\u00e9gep de Saint-Jean-sur-Richelieu.<\/p>\n<p class=\"x_MsoNormal\">F\u00e9licitations aux laur\u00e9ats\u00a0:\u00a0<b>Marie-Eve Jubinville, Mathieu Poirirer et \u00c9ricka Lanteigne\u00a0<\/b><\/p>\n<p><!--more--><\/p>\n<div id=\"attachment_205641\" style=\"width: 594px\" class=\"wp-caption aligncenter\"><a href=\"https:\/\/santemc.quebec\/santemc\/icentre\/wp-content\/uploads\/2022\/04\/2-Marie-Eve_Jubinville-scaled.jpg\"><img aria-describedby=\"caption-attachment-205641\" decoding=\"async\" loading=\"lazy\" class=\"size-large wp-image-205641\" src=\"https:\/\/santemc.quebec\/santemc\/icentre\/wp-content\/uploads\/2022\/04\/2-Marie-Eve_Jubinville-1024x683.jpg\" alt=\"\" width=\"584\" height=\"390\" srcset=\"https:\/\/santemc.quebec\/santemc\/icentre\/wp-content\/uploads\/2022\/04\/2-Marie-Eve_Jubinville-1024x683.jpg 1024w, https:\/\/santemc.quebec\/santemc\/icentre\/wp-content\/uploads\/2022\/04\/2-Marie-Eve_Jubinville-300x200.jpg 300w, https:\/\/santemc.quebec\/santemc\/icentre\/wp-content\/uploads\/2022\/04\/2-Marie-Eve_Jubinville-768x512.jpg 768w, https:\/\/santemc.quebec\/santemc\/icentre\/wp-content\/uploads\/2022\/04\/2-Marie-Eve_Jubinville-1536x1024.jpg 1536w, https:\/\/santemc.quebec\/santemc\/icentre\/wp-content\/uploads\/2022\/04\/2-Marie-Eve_Jubinville-2048x1365.jpg 2048w, https:\/\/santemc.quebec\/santemc\/icentre\/wp-content\/uploads\/2022\/04\/2-Marie-Eve_Jubinville-450x300.jpg 450w\" sizes=\"(max-width: 584px) 100vw, 584px\" \/><\/a><p id=\"caption-attachment-205641\" class=\"wp-caption-text\">De gauche \u00e0 droite : Madame V\u00e9ronique Pag\u00e9, enseignante et coordonnatrice du d\u00e9partement en Soins infirmiers, Marie-\u00c8ve Jubinville, laur\u00e9ate et monsieur Louis Lemieux, d\u00e9put\u00e9 provincial du comt\u00e9 de Saint-Jean.<\/p><\/div>\n<blockquote><p>\u00ab C&rsquo;est avec f\u00e9brilit\u00e9 et fiert\u00e9 que j&rsquo;ai particip\u00e9 \u00e0 la remise des bourses. Je suis reconnaissante envers nos enseignantes ainsi qu&rsquo;envers les donatrices et donateurs pour cette belle reconnaissance. Cette bourse repr\u00e9sente un grand accomplissement pour moi et la valorisation de mes efforts. \u00bb<\/p><\/blockquote>\n<p>Marie-\u00c8ve Jubinville, \u00e9tudiante \u00e0 la Passerelle intensive en soins infirmiers, laur\u00e9ate d&rsquo;une bourse d&rsquo;engagement aux \u00e9tudes et instigatrice du programme Passerelle intensive en soins infirmiers.<\/p>\n<hr \/>\n<div id=\"attachment_205640\" style=\"width: 594px\" class=\"wp-caption aligncenter\"><a href=\"https:\/\/santemc.quebec\/santemc\/icentre\/wp-content\/uploads\/2022\/04\/2-Mathieu_Poirier-scaled.jpg\"><img aria-describedby=\"caption-attachment-205640\" decoding=\"async\" loading=\"lazy\" class=\"wp-image-205640 size-large\" src=\"https:\/\/santemc.quebec\/santemc\/icentre\/wp-content\/uploads\/2022\/04\/2-Mathieu_Poirier-1024x683.jpg\" alt=\"\" width=\"584\" height=\"390\" srcset=\"https:\/\/santemc.quebec\/santemc\/icentre\/wp-content\/uploads\/2022\/04\/2-Mathieu_Poirier-1024x683.jpg 1024w, https:\/\/santemc.quebec\/santemc\/icentre\/wp-content\/uploads\/2022\/04\/2-Mathieu_Poirier-300x200.jpg 300w, https:\/\/santemc.quebec\/santemc\/icentre\/wp-content\/uploads\/2022\/04\/2-Mathieu_Poirier-768x512.jpg 768w, https:\/\/santemc.quebec\/santemc\/icentre\/wp-content\/uploads\/2022\/04\/2-Mathieu_Poirier-1536x1024.jpg 1536w, https:\/\/santemc.quebec\/santemc\/icentre\/wp-content\/uploads\/2022\/04\/2-Mathieu_Poirier-2048x1365.jpg 2048w, https:\/\/santemc.quebec\/santemc\/icentre\/wp-content\/uploads\/2022\/04\/2-Mathieu_Poirier-450x300.jpg 450w\" sizes=\"(max-width: 584px) 100vw, 584px\" \/><\/a><p id=\"caption-attachment-205640\" class=\"wp-caption-text\">De gauche \u00e0 droite : Madame V\u00e9ronique Pag\u00e9, enseignante et coordonnatrice du d\u00e9partement en Soins infirmiers, Mathieu Poirier, laur\u00e9at et monsieur Louis Lemieux, d\u00e9put\u00e9 provincial du comt\u00e9 de Saint-Jean<\/p><\/div>\n<blockquote><p>\u00ab Pour moi, aller au C\u00e9gep n&rsquo;\u00e9tait pas r\u00e9aliste, car j&rsquo;avais tout juste r\u00e9ussi \u00e0 terminer le secondaire. J&rsquo;ai donc entrepris le m\u00e9tier d&rsquo;infirmier auxiliaire. Mais apr\u00e8s quelques ann\u00e9es, j&rsquo;avais envie de progresser dans le domaine de la sant\u00e9 et j&rsquo;ai vu que le programme passerelle intensive en Soins infirmiers venait d&rsquo;ouvrir. M\u00eame si je ne r\u00e9pondais pas aux conditions d\u2019admission, j&rsquo;ai particip\u00e9 aux entrevues en d\u00e9montrant ma grande motivation \u00e0 entrer au programme. J&rsquo;ai aussi mentionn\u00e9 que je pr\u00e9voyais avoir termin\u00e9 tous les pr\u00e9requis avant le d\u00e9but des cours. De plus, comme je soup\u00e7onnais un probl\u00e8me d&rsquo;apprentissage chez moi, j\u2019ai pris la d\u00e9cision d\u2019aller consulter et j\u2019ai finalement appris que j&rsquo;\u00e9tais dyslexique. J&rsquo;ai ensuite pu \u00eatre encadr\u00e9 par le service d&rsquo;adaptation scolaire du C\u00e9gep et \u00e7a a beaucoup contribu\u00e9 \u00e0 ma r\u00e9ussite. Je ne pensais jamais avoir d&rsquo;aussi bonnes notes et exceller de cette fa\u00e7on \u00e0 l&rsquo;\u00e9cole! Je suis tr\u00e8s engag\u00e9 dans mon programme d&rsquo;\u00e9tudes et je songe d\u00e9j\u00e0 \u00e0 la suite: l&rsquo;universit\u00e9. La bourse que j&rsquo;ai\u00a0re\u00e7ue repr\u00e9sente une grande fiert\u00e9 pour moi. C&rsquo;est le r\u00e9sultat de mon travail acharn\u00e9. J&rsquo;ajouterais que pour tous ceux et celles qui pensent avoir un trouble d&rsquo;apprentissage, il n&rsquo;y a pas de g\u00eane \u00e0 en parler et \u00e0 consulter; cela pourrait tout changer dans votre parcours scolaire. \u00bb<\/p><\/blockquote>\n<p>Mathieu Poirier, \u00e9tudiant \u00e0 la Passerelle intensive en soins infirmiers et laur\u00e9at d&rsquo;une bourse d&rsquo;engagement aux \u00e9tudes<\/p>\n<hr \/>\n<div id=\"attachment_205642\" style=\"width: 594px\" class=\"wp-caption aligncenter\"><a href=\"https:\/\/santemc.quebec\/santemc\/icentre\/wp-content\/uploads\/2022\/04\/2.1-Ericka_Lanteigne-scaled.jpg\"><img aria-describedby=\"caption-attachment-205642\" decoding=\"async\" loading=\"lazy\" class=\"wp-image-205642 size-large\" src=\"https:\/\/santemc.quebec\/santemc\/icentre\/wp-content\/uploads\/2022\/04\/2.1-Ericka_Lanteigne-1024x683.jpg\" alt=\"\" width=\"584\" height=\"390\" srcset=\"https:\/\/santemc.quebec\/santemc\/icentre\/wp-content\/uploads\/2022\/04\/2.1-Ericka_Lanteigne-1024x683.jpg 1024w, https:\/\/santemc.quebec\/santemc\/icentre\/wp-content\/uploads\/2022\/04\/2.1-Ericka_Lanteigne-300x200.jpg 300w, https:\/\/santemc.quebec\/santemc\/icentre\/wp-content\/uploads\/2022\/04\/2.1-Ericka_Lanteigne-768x512.jpg 768w, https:\/\/santemc.quebec\/santemc\/icentre\/wp-content\/uploads\/2022\/04\/2.1-Ericka_Lanteigne-1536x1024.jpg 1536w, https:\/\/santemc.quebec\/santemc\/icentre\/wp-content\/uploads\/2022\/04\/2.1-Ericka_Lanteigne-2048x1365.jpg 2048w, https:\/\/santemc.quebec\/santemc\/icentre\/wp-content\/uploads\/2022\/04\/2.1-Ericka_Lanteigne-450x300.jpg 450w\" sizes=\"(max-width: 584px) 100vw, 584px\" \/><\/a><p id=\"caption-attachment-205642\" class=\"wp-caption-text\">De gauche \u00e0 droite : Madame V\u00e9ronique Pag\u00e9, enseignante et coordonnatrice du d\u00e9partement en Soins infirmiers et \u00c9ricka Lanteigne, \u00e9tudiante \u00e0 la Passerelle intensive en soins infirmiers, laur\u00e9ate d&rsquo;une bourse d\u2019excellence pour avoir obtenu la meilleure moyenne g\u00e9n\u00e9rale.<\/p><\/div>\n","protected":false},"excerpt":{"rendered":"<p>En mars dernier, trois employ\u00e9s du CISSSMC, qui sont \u00e9galement \u00e9tudiants au C\u00e9gep de Saint-Jean-sur-Richelieu dans le\u00a0programme Passerelle intensive en soins infirmiers, ont re\u00e7u une bourse de 500 $ de la Fondation du C\u00e9gep, pour leur pers\u00e9v\u00e9rance et leur parcours &hellip; <a href=\"https:\/\/santemc.quebec\/icentre\/programme-passerelle-intensive-en-soins-infirmiers-trois-etudiants-du-cegep-de-saint-jean-sur-richelieu-recoivent-une-bourse-de-500\/\">Continuer la lecture <span class=\"meta-nav\">&rarr;<\/span><\/a><\/p>\n","protected":false},"author":1,"featured_media":0,"comment_status":"open","ping_status":"closed","sticky":false,"template":"","format":"standard","meta":{"footnotes":""},"categories":[1],"tags":[],"_links":{"self":[{"href":"https:\/\/santemc.quebec\/icentre\/wp-json\/wp\/v2\/posts\/205639"}],"collection":[{"href":"https:\/\/santemc.quebec\/icentre\/wp-json\/wp\/v2\/posts"}],"about":[{"href":"https:\/\/santemc.quebec\/icentre\/wp-json\/wp\/v2\/types\/post"}],"author":[{"embeddable":true,"href":"https:\/\/santemc.quebec\/icentre\/wp-json\/wp\/v2\/users\/1"}],"replies":[{"embeddable":true,"href":"https:\/\/santemc.quebec\/icentre\/wp-json\/wp\/v2\/comments?post=205639"}],"version-history":[{"count":6,"href":"https:\/\/santemc.quebec\/icentre\/wp-json\/wp\/v2\/posts\/205639\/revisions"}],"predecessor-version":[{"id":205661,"href":"https:\/\/santemc.quebec\/icentre\/wp-json\/wp\/v2\/posts\/205639\/revisions\/205661"}],"wp:attachment":[{"href":"https:\/\/santemc.quebec\/icentre\/wp-json\/wp\/v2\/media?parent=205639"}],"wp:term":[{"taxonomy":"category","embeddable":true,"href":"https:\/\/santemc.quebec\/icentre\/wp-json\/wp\/v2\/categories?post=205639"},{"taxonomy":"post_tag","embeddable":true,"href":"https:\/\/santemc.quebec\/icentre\/wp-json\/wp\/v2\/tags?post=205639"}],"curies":[{"name":"wp","href":"https:\/\/api.w.org\/{rel}","templated":true}]}}