{"id":205651,"date":"2022-04-25T11:03:00","date_gmt":"2022-04-25T15:03:00","guid":{"rendered":"https:\/\/santemc.quebec\/icentre\/?p=205651"},"modified":"2022-04-26T10:22:35","modified_gmt":"2022-04-26T14:22:35","slug":"semaine-de-laction-benevole-2022-benevoler-change-la-vie","status":"publish","type":"post","link":"https:\/\/santemc.quebec\/icentre\/semaine-de-laction-benevole-2022-benevoler-change-la-vie\/","title":{"rendered":"Semaine de l\u2019action b\u00e9n\u00e9vole 2022 : b\u00e9n\u00e9voler change la vie!"},"content":{"rendered":"<p><a href=\"https:\/\/santemc.quebec\/santemc\/icentre\/wp-content\/uploads\/2022\/04\/Visuel-benevoles.jpg\"><img decoding=\"async\" loading=\"lazy\" class=\"alignleft size-medium wp-image-205652\" src=\"https:\/\/santemc.quebec\/santemc\/icentre\/wp-content\/uploads\/2022\/04\/Visuel-benevoles-300x282.jpg\" alt=\"\" width=\"300\" height=\"282\" srcset=\"https:\/\/santemc.quebec\/santemc\/icentre\/wp-content\/uploads\/2022\/04\/Visuel-benevoles-300x282.jpg 300w, https:\/\/santemc.quebec\/santemc\/icentre\/wp-content\/uploads\/2022\/04\/Visuel-benevoles-1024x961.jpg 1024w, https:\/\/santemc.quebec\/santemc\/icentre\/wp-content\/uploads\/2022\/04\/Visuel-benevoles-768x721.jpg 768w, https:\/\/santemc.quebec\/santemc\/icentre\/wp-content\/uploads\/2022\/04\/Visuel-benevoles-320x300.jpg 320w, https:\/\/santemc.quebec\/santemc\/icentre\/wp-content\/uploads\/2022\/04\/Visuel-benevoles.jpg 1097w\" sizes=\"(max-width: 300px) 100vw, 300px\" \/><\/a>Dans le cadre de la Semaine de l\u2019action b\u00e9n\u00e9vole, qui se d\u00e9roule du 24 au 30 avril 2022, soulignons l\u2019importante contribution de nos b\u00e9n\u00e9voles qui, comme le dit si bien la th\u00e9matique cette ann\u00e9e, changent la vie de milliers d\u2019usagers qui visitent nos installations. On se rappelle que dans le contexte de la pand\u00e9mie, les activit\u00e9s de b\u00e9n\u00e9volat avaient d\u00fb \u00eatre suspendues. Le retour des b\u00e9n\u00e9voles \u00e9tant tr\u00e8s attendu depuis, un plan graduel et structur\u00e9 de reprise des activit\u00e9s b\u00e9n\u00e9voles a \u00e9t\u00e9 mis en place au cours de la derni\u00e8re ann\u00e9e. Ce sont donc dans certains secteurs sp\u00e9cifiques comme les CHSLD et les cliniques de vaccination que nos b\u00e9n\u00e9voles ont pu reprendre leurs actions d\u2019accompagnement de nos usagers, en toute s\u00e9curit\u00e9, selon les mesures sanitaires en place.<!--more--><\/p>\n<p>Le CISSSMC tient \u00e0 f\u00e9liciter et \u00e0 remercier les b\u00e9n\u00e9voles qui, malgr\u00e9 les nombreux changements requis en lien avec la pand\u00e9mie, ont continu\u00e9 \u00e0 faire preuve de flexibilit\u00e9 et d\u2019humanisme pour assurer le bien-\u00eatre de nos usagers. Par leurs actions quotidiennes et le don de soi dont ils font preuve, nos b\u00e9n\u00e9voles r\u00e9ussissent, jour apr\u00e8s jour, \u00e0 changer la vie des personnes qu\u2019ils c\u00f4toient.<\/p>\n<p>Au cours de la prochaine semaine, si vous avez la chance de croiser un b\u00e9n\u00e9vole sur votre chemin, n\u2019h\u00e9sitez pas \u00e0 lui dire merci. Leur engagement et leur contribution font une diff\u00e9rence r\u00e9elle autant pour nos usagers que leur famille! Bonne semaine de l\u2019action b\u00e9n\u00e9vole!<\/p>\n","protected":false},"excerpt":{"rendered":"<p>Dans le cadre de la Semaine de l\u2019action b\u00e9n\u00e9vole, qui se d\u00e9roule du 24 au 30 avril 2022, soulignons l\u2019importante contribution de nos b\u00e9n\u00e9voles qui, comme le dit si bien la th\u00e9matique cette ann\u00e9e, changent la vie de milliers d\u2019usagers &hellip; <a href=\"https:\/\/santemc.quebec\/icentre\/semaine-de-laction-benevole-2022-benevoler-change-la-vie\/\">Continuer la lecture <span class=\"meta-nav\">&rarr;<\/span><\/a><\/p>\n","protected":false},"author":1,"featured_media":0,"comment_status":"open","ping_status":"closed","sticky":false,"template":"","format":"standard","meta":{"footnotes":""},"categories":[1],"tags":[],"_links":{"self":[{"href":"https:\/\/santemc.quebec\/icentre\/wp-json\/wp\/v2\/posts\/205651"}],"collection":[{"href":"https:\/\/santemc.quebec\/icentre\/wp-json\/wp\/v2\/posts"}],"about":[{"href":"https:\/\/santemc.quebec\/icentre\/wp-json\/wp\/v2\/types\/post"}],"author":[{"embeddable":true,"href":"https:\/\/santemc.quebec\/icentre\/wp-json\/wp\/v2\/users\/1"}],"replies":[{"embeddable":true,"href":"https:\/\/santemc.quebec\/icentre\/wp-json\/wp\/v2\/comments?post=205651"}],"version-history":[{"count":2,"href":"https:\/\/santemc.quebec\/icentre\/wp-json\/wp\/v2\/posts\/205651\/revisions"}],"predecessor-version":[{"id":205662,"href":"https:\/\/santemc.quebec\/icentre\/wp-json\/wp\/v2\/posts\/205651\/revisions\/205662"}],"wp:attachment":[{"href":"https:\/\/santemc.quebec\/icentre\/wp-json\/wp\/v2\/media?parent=205651"}],"wp:term":[{"taxonomy":"category","embeddable":true,"href":"https:\/\/santemc.quebec\/icentre\/wp-json\/wp\/v2\/categories?post=205651"},{"taxonomy":"post_tag","embeddable":true,"href":"https:\/\/santemc.quebec\/icentre\/wp-json\/wp\/v2\/tags?post=205651"}],"curies":[{"name":"wp","href":"https:\/\/api.w.org\/{rel}","templated":true}]}}