{"id":205667,"date":"2022-04-27T08:43:11","date_gmt":"2022-04-27T12:43:11","guid":{"rendered":"https:\/\/santemc.quebec\/icentre\/?p=205667"},"modified":"2022-04-28T08:47:12","modified_gmt":"2022-04-28T12:47:12","slug":"semaine-nationale-des-soins-infirmiers-concours-reperer-vos-pairs-hors-pair","status":"publish","type":"post","link":"https:\/\/santemc.quebec\/icentre\/semaine-nationale-des-soins-infirmiers-concours-reperer-vos-pairs-hors-pair\/","title":{"rendered":"Semaine nationale des soins infirmiers : Concours \u2013 REP\u00c9RER vos pairs hors pair!"},"content":{"rendered":"<p><img decoding=\"async\" loading=\"lazy\" class=\"aligncenter wp-image-205672 size-full\" src=\"https:\/\/santemc.quebec\/santemc\/icentre\/wp-content\/uploads\/2022\/04\/semaine-SI.png\" alt=\"\" width=\"1277\" height=\"313\" srcset=\"https:\/\/santemc.quebec\/santemc\/icentre\/wp-content\/uploads\/2022\/04\/semaine-SI.png 1277w, https:\/\/santemc.quebec\/santemc\/icentre\/wp-content\/uploads\/2022\/04\/semaine-SI-300x74.png 300w, https:\/\/santemc.quebec\/santemc\/icentre\/wp-content\/uploads\/2022\/04\/semaine-SI-1024x251.png 1024w, https:\/\/santemc.quebec\/santemc\/icentre\/wp-content\/uploads\/2022\/04\/semaine-SI-768x188.png 768w, https:\/\/santemc.quebec\/santemc\/icentre\/wp-content\/uploads\/2022\/04\/semaine-SI-500x123.png 500w\" sizes=\"(max-width: 1277px) 100vw, 1277px\" \/><\/p>\n<p>Dans le cadre de la <strong><em>Semaine nationale des soins infirmiers<\/em><\/strong> qui aura lieu du 9 au 15 mai prochains, les comit\u00e9s ex\u00e9cutifs du Conseil des infirmi\u00e8res et infirmiers (CECII) et du Comit\u00e9 des infirmi\u00e8res et infirmiers auxiliaires (CIIA) du CISSS de la Mont\u00e9r\u00e9gie-Centre vous invitent \u00e0 <strong><em>\u00ab REP\u00c9RER un pair hors pair \u00bb.<\/em><\/strong><!--more--><\/p>\n<p>Facile \u00e0 identifier, cette personne inspirante \u00e9volue au sein de votre \u00e9quipe comme infirmi\u00e8res\/infirmiers ou infirmi\u00e8res\/infirmiers auxiliaires. Elle se distingue par son professionnalisme, son engagement et l\u2019excellence de son travail\u00a0:<\/p>\n<ul>\n<li><strong>Disponible et \u00e0 l\u2019\u00e9coute<\/strong>, le bien-\u00eatre de ses coll\u00e8gues lui tient \u00e0 c\u0153ur;<\/li>\n<li><strong>Positive<\/strong> dans toutes les situations, elle recherche des solutions;<\/li>\n<li><strong>D\u00e9brouillarde et avis\u00e9e<\/strong>, elle est au fait des r\u00e9centes informations;<\/li>\n<li><strong>Volontaire et solidaire<\/strong>, elle encourage l\u2019esprit d\u2019\u00e9quipe;<\/li>\n<li><strong>Respectueuse et empathique<\/strong>, elle r\u00e9conforte les usagers et leur famille;<\/li>\n<li><strong>Curieuse<\/strong> pour sa profession, elle d\u00e9veloppe son expertise sans rel\u00e2che;<\/li>\n<li><strong>Fiable et ponctuelle<\/strong>, on peut compter sur cette personne;<\/li>\n<\/ul>\n<p>Et plus encore\u2026<\/p>\n<p>Pour <strong><em>\u00ab\u00a0REP\u00c9RER un pair hors pair\u00a0\u00bb <\/em><\/strong>en soins infirmiers, <strong>remplissez ce formulaire en ligne<\/strong> <strong>avant le 6 mai 2022\u00a0<\/strong><strong>: <\/strong><a href=\"https:\/\/forms.office.com\/r\/CCrvbaqHrZ\">https:\/\/forms.office.com\/r\/CCrvbaqHrZ<\/a><\/p>\n<p>Un tirage au sort de ch\u00e8ques-cadeaux sera effectu\u00e9 parmi toutes les candidatures re\u00e7ues. Les personnes gagnantes seront d\u00e9voil\u00e9es le 12 mai prochain, lors de l\u2019Assembl\u00e9e g\u00e9n\u00e9rale annuelle (AGA) du CII et du CIIA. Les prix seront envoy\u00e9s par courrier \u00e9lectronique.<\/p>\n<table>\n<tbody>\n<tr>\n<td><span style=\"color: #339966;\"><strong>Assembl\u00e9e g\u00e9n\u00e9rale annuelle CII\/CIIA<\/strong><\/span><\/p>\n<ul>\n<li><span style=\"color: #339966;\"><em>PSSIT! <\/em>Il est encore temps d\u2019assister \u00e0 l\u2019AGA du CII et du CIIA, inscrivez-vous gratuitement en ligne avant le <strong>6 mai 2022\u00a0<\/strong>: <a style=\"color: #339966;\" href=\"https:\/\/can01.safelinks.protection.outlook.com\/?url=https%3A%2F%2Ffr.surveymonkey.com%2Fr%2Fassemblee_generale_annuelle_2022&amp;data=04%7C01%7Cpatricia.lecuyer.cssshrr16%40ssss.gouv.qc.ca%7C9c9b5ec9b13849c8999208da1264c758%7C06e1fe285f8b4075bf6cae24be1a7992%7C0%7C0%7C637842521287922021%7CUnknown%7CTWFpbGZsb3d8eyJWIjoiMC4wLjAwMDAiLCJQIjoiV2luMzIiLCJBTiI6Ik1haWwiLCJXVCI6Mn0%3D%7C3000&amp;sdata=VQ8QtiQqpOtm5jOufGdeh4nyodpZM4kBV4zUOapuAVc%3D&amp;reserved=0%20ou%20\u00e9crivant%20\u00e0%20patricia.lecuyer.cssshrr16@ssss.gouv.qc.ca\"><strong>Inscription ici<\/strong><\/a><strong>.<\/strong><\/span><\/li>\n<\/ul>\n<\/td>\n<\/tr>\n<\/tbody>\n<\/table>\n<p>Merci de participer en grand nombre, ensemble, nous assurons la qualit\u00e9 des soins infirmiers!<\/p>\n<p><em>Les membres du CECII et du CECIIA du CISSS Mont\u00e9r\u00e9gie-Centre.<\/em><\/p>\n<p>&nbsp;<\/p>\n","protected":false},"excerpt":{"rendered":"<p>Dans le cadre de la Semaine nationale des soins infirmiers qui aura lieu du 9 au 15 mai prochains, les comit\u00e9s ex\u00e9cutifs du Conseil des infirmi\u00e8res et infirmiers (CECII) et du Comit\u00e9 des infirmi\u00e8res et infirmiers auxiliaires (CIIA) du CISSS &hellip; <a href=\"https:\/\/santemc.quebec\/icentre\/semaine-nationale-des-soins-infirmiers-concours-reperer-vos-pairs-hors-pair\/\">Continuer la lecture <span class=\"meta-nav\">&rarr;<\/span><\/a><\/p>\n","protected":false},"author":1,"featured_media":0,"comment_status":"open","ping_status":"closed","sticky":false,"template":"","format":"standard","meta":{"footnotes":""},"categories":[1],"tags":[],"_links":{"self":[{"href":"https:\/\/santemc.quebec\/icentre\/wp-json\/wp\/v2\/posts\/205667"}],"collection":[{"href":"https:\/\/santemc.quebec\/icentre\/wp-json\/wp\/v2\/posts"}],"about":[{"href":"https:\/\/santemc.quebec\/icentre\/wp-json\/wp\/v2\/types\/post"}],"author":[{"embeddable":true,"href":"https:\/\/santemc.quebec\/icentre\/wp-json\/wp\/v2\/users\/1"}],"replies":[{"embeddable":true,"href":"https:\/\/santemc.quebec\/icentre\/wp-json\/wp\/v2\/comments?post=205667"}],"version-history":[{"count":9,"href":"https:\/\/santemc.quebec\/icentre\/wp-json\/wp\/v2\/posts\/205667\/revisions"}],"predecessor-version":[{"id":205708,"href":"https:\/\/santemc.quebec\/icentre\/wp-json\/wp\/v2\/posts\/205667\/revisions\/205708"}],"wp:attachment":[{"href":"https:\/\/santemc.quebec\/icentre\/wp-json\/wp\/v2\/media?parent=205667"}],"wp:term":[{"taxonomy":"category","embeddable":true,"href":"https:\/\/santemc.quebec\/icentre\/wp-json\/wp\/v2\/categories?post=205667"},{"taxonomy":"post_tag","embeddable":true,"href":"https:\/\/santemc.quebec\/icentre\/wp-json\/wp\/v2\/tags?post=205667"}],"curies":[{"name":"wp","href":"https:\/\/api.w.org\/{rel}","templated":true}]}}