{"id":205684,"date":"2022-04-27T15:41:26","date_gmt":"2022-04-27T19:41:26","guid":{"rendered":"https:\/\/santemc.quebec\/icentre\/?p=205684"},"modified":"2022-04-27T16:08:44","modified_gmt":"2022-04-27T20:08:44","slug":"semaine-du-personnel-administratif-et-journee-des-secretaires-1800-fois-merci","status":"publish","type":"post","link":"https:\/\/santemc.quebec\/icentre\/semaine-du-personnel-administratif-et-journee-des-secretaires-1800-fois-merci\/","title":{"rendered":"Semaine du personnel administratif et journ\u00e9e des secr\u00e9taires : 1800 fois merci!"},"content":{"rendered":"<p><a href=\"https:\/\/santemc.quebec\/santemc\/icentre\/wp-content\/uploads\/2022\/04\/Visuel-1.jpg\"><img decoding=\"async\" loading=\"lazy\" class=\"size-medium wp-image-205690 alignleft\" src=\"https:\/\/santemc.quebec\/santemc\/icentre\/wp-content\/uploads\/2022\/04\/Visuel-1-300x248.jpg\" alt=\"\" width=\"300\" height=\"248\" srcset=\"https:\/\/santemc.quebec\/santemc\/icentre\/wp-content\/uploads\/2022\/04\/Visuel-1-300x248.jpg 300w, https:\/\/santemc.quebec\/santemc\/icentre\/wp-content\/uploads\/2022\/04\/Visuel-1-768x635.jpg 768w, https:\/\/santemc.quebec\/santemc\/icentre\/wp-content\/uploads\/2022\/04\/Visuel-1-363x300.jpg 363w, https:\/\/santemc.quebec\/santemc\/icentre\/wp-content\/uploads\/2022\/04\/Visuel-1.jpg 788w\" sizes=\"(max-width: 300px) 100vw, 300px\" \/><\/a>Du 24 au 30 avril, nous rendons hommage aux 1800 femmes et hommes qui composent le soutien administratif de nos \u00e9quipes.<\/p>\n<p>Agents administratifs et agentes administratives, techniciens et techniciennes en administration et secr\u00e9taires m\u00e9dicales, vous r\u00e9alisez un travail indispensable au bon fonctionnement de notre organisation.<\/p>\n<p><!--more--><\/p>\n<p>Au CISSSMC, vous \u00eates plus de 1\u00a0500 agents administratifs, 200 techniciens en administration et 140 secr\u00e9taires m\u00e9dicales \u00e0 offrir un soutien essentiel \u00e0 une multitude de secteurs dans nos h\u00f4pitaux, CLSC, CHSLD, GMF, centres administratifs et \u00e0 l\u2019Institut Nazareth et Louis-Braille.<\/p>\n<p>En cette semaine festive, nous avons demand\u00e9 \u00e0 des gestionnaires de souligner votre travail en quelques mots\u00a0:<\/p>\n<p>\u00ab\u00a0<em>Toujours enjou\u00e9es et disponibles, les agentes administratives sont \u00e0 la fois le c\u0153ur et les poumons de l&rsquo;\u00e9quipe! (\u2026)<\/em> <em>Constamment sollicit\u00e9es, elles sont le centre n\u00e9vralgique de notre \u00e9quipe et permettent sinc\u00e8rement un meilleur arrimage et fonctionnement de nos services.\u00a0<\/em><em> \u00bb &#8211; <\/em>Annie Chartier, chef de programmes Jeunesse, RLS de Champlain<\/p>\n<p><em>\u00ab Leur travail est tellement important parce qu\u2019il permet aux coll\u00e8gues de faire le leur en sauvant des vies ou en am\u00e9liorant la sant\u00e9 des gens. \u00bb &#8211; <\/em>Alexandre Gauvin, chef de service des achats et de la performance de l&rsquo;approvisionnement<\/p>\n<p><em>\u00a0<\/em><em>\u00ab Une \u00e9quipe essentielle qui fait toute la diff\u00e9rence dans une clinique! Merci d&rsquo;\u00eatre l\u00e0! \u00bb <\/em>&#8211; Marie-Andr\u00e9e Dion, chef de service GMF-U Saint-Hubert<\/p>\n<p><em>\u00a0\u00ab Sans nos agentes, adjointes et techniciennes en administration, le support aux \u00e9tudiants en stage dans notre \u00e9tablissement ne serait pas possible. Elles sont toujours souriantes et accueillantes pour aider les \u00e9tudiants et les professeurs (\u2026). \u00bb &#8211; <\/em>Alexandra Plourde, adjointe au directeur de l&rsquo;enseignement et des affaires universitaires<\/p>\n<p>[envira-gallery id=\u00a0\u00bb205693&Prime;]<\/p>\n<p><strong>Journ\u00e9e des secr\u00e9taires\u00a0: 27 avril<\/strong><\/p>\n<p>Au c\u0153ur de cette semaine du personnel administratif, se trouve une autre raison de souligner le travail de nos coll\u00e8gues\u00a0: la journ\u00e9e des secr\u00e9taires! En ce 27 avril, nous soulignons l\u2019apport des secr\u00e9taires m\u00e9dicales au sein des \u00e9quipes du CISSSMC!<\/p>\n<p>Pros du clavier, les secr\u00e9taires m\u00e9dicales font preuve de discr\u00e9tion au quotidien pour prot\u00e9ger la confidentialit\u00e9 des documents qu\u2019elles produisent et consultent.<\/p>\n<p>V\u00e9ritables bras droit des m\u00e9decins, ces as de l\u2019organisation poss\u00e8dent aussi de grandes comp\u00e9tences relationnelles, car elles sont r\u00e9guli\u00e8rement en contact avec les patients et leur famille.<\/p>\n<p>Si vous travaillez avec une secr\u00e9taire, pensez \u00e0 la remercier et \u00e0 lui souhaiter une belle journ\u00e9e!<\/p>\n<p><strong><a href=\"https:\/\/santemc.quebec\/santemc\/icentre\/wp-content\/uploads\/2022\/04\/visuel_semaine_secretaires_medicales_2_recadree.jpg\"><img decoding=\"async\" loading=\"lazy\" class=\"size-medium wp-image-205699 aligncenter\" src=\"https:\/\/santemc.quebec\/santemc\/icentre\/wp-content\/uploads\/2022\/04\/visuel_semaine_secretaires_medicales_2_recadree-300x225.jpg\" alt=\"\" width=\"300\" height=\"225\" srcset=\"https:\/\/santemc.quebec\/santemc\/icentre\/wp-content\/uploads\/2022\/04\/visuel_semaine_secretaires_medicales_2_recadree-300x225.jpg 300w, https:\/\/santemc.quebec\/santemc\/icentre\/wp-content\/uploads\/2022\/04\/visuel_semaine_secretaires_medicales_2_recadree-1024x768.jpg 1024w, https:\/\/santemc.quebec\/santemc\/icentre\/wp-content\/uploads\/2022\/04\/visuel_semaine_secretaires_medicales_2_recadree-768x576.jpg 768w, https:\/\/santemc.quebec\/santemc\/icentre\/wp-content\/uploads\/2022\/04\/visuel_semaine_secretaires_medicales_2_recadree-1536x1152.jpg 1536w, https:\/\/santemc.quebec\/santemc\/icentre\/wp-content\/uploads\/2022\/04\/visuel_semaine_secretaires_medicales_2_recadree-400x300.jpg 400w, https:\/\/santemc.quebec\/santemc\/icentre\/wp-content\/uploads\/2022\/04\/visuel_semaine_secretaires_medicales_2_recadree.jpg 1600w\" sizes=\"(max-width: 300px) 100vw, 300px\" \/><\/a> <\/strong><\/p>\n<p>&nbsp;<\/p>\n","protected":false},"excerpt":{"rendered":"<p>Du 24 au 30 avril, nous rendons hommage aux 1800 femmes et hommes qui composent le soutien administratif de nos \u00e9quipes. Agents administratifs et agentes administratives, techniciens et techniciennes en administration et secr\u00e9taires m\u00e9dicales, vous r\u00e9alisez un travail indispensable au &hellip; <a href=\"https:\/\/santemc.quebec\/icentre\/semaine-du-personnel-administratif-et-journee-des-secretaires-1800-fois-merci\/\">Continuer la lecture <span class=\"meta-nav\">&rarr;<\/span><\/a><\/p>\n","protected":false},"author":9,"featured_media":0,"comment_status":"open","ping_status":"closed","sticky":false,"template":"","format":"standard","meta":{"footnotes":""},"categories":[1],"tags":[],"_links":{"self":[{"href":"https:\/\/santemc.quebec\/icentre\/wp-json\/wp\/v2\/posts\/205684"}],"collection":[{"href":"https:\/\/santemc.quebec\/icentre\/wp-json\/wp\/v2\/posts"}],"about":[{"href":"https:\/\/santemc.quebec\/icentre\/wp-json\/wp\/v2\/types\/post"}],"author":[{"embeddable":true,"href":"https:\/\/santemc.quebec\/icentre\/wp-json\/wp\/v2\/users\/9"}],"replies":[{"embeddable":true,"href":"https:\/\/santemc.quebec\/icentre\/wp-json\/wp\/v2\/comments?post=205684"}],"version-history":[{"count":7,"href":"https:\/\/santemc.quebec\/icentre\/wp-json\/wp\/v2\/posts\/205684\/revisions"}],"predecessor-version":[{"id":205702,"href":"https:\/\/santemc.quebec\/icentre\/wp-json\/wp\/v2\/posts\/205684\/revisions\/205702"}],"wp:attachment":[{"href":"https:\/\/santemc.quebec\/icentre\/wp-json\/wp\/v2\/media?parent=205684"}],"wp:term":[{"taxonomy":"category","embeddable":true,"href":"https:\/\/santemc.quebec\/icentre\/wp-json\/wp\/v2\/categories?post=205684"},{"taxonomy":"post_tag","embeddable":true,"href":"https:\/\/santemc.quebec\/icentre\/wp-json\/wp\/v2\/tags?post=205684"}],"curies":[{"name":"wp","href":"https:\/\/api.w.org\/{rel}","templated":true}]}}