{"id":205725,"date":"2022-04-29T08:13:12","date_gmt":"2022-04-29T12:13:12","guid":{"rendered":"https:\/\/santemc.quebec\/icentre\/?p=205725"},"modified":"2022-04-29T08:13:12","modified_gmt":"2022-04-29T12:13:12","slug":"publication-de-ledition-printaniere-du-journal-le-multiplicateur","status":"publish","type":"post","link":"https:\/\/santemc.quebec\/icentre\/publication-de-ledition-printaniere-du-journal-le-multiplicateur\/","title":{"rendered":"Publication de l&rsquo;\u00e9dition printani\u00e8re du journal Le Multiplicateur"},"content":{"rendered":"<p><strong><a href=\"https:\/\/sway.office.com\/3OKRSRQxINkXmen2?ref=Link\"><img decoding=\"async\" loading=\"lazy\" class=\" wp-image-50288 alignleft\" src=\"https:\/\/santemc.quebec\/santemc\/icentre\/wp-content\/uploads\/2019\/06\/multiplicateur.png\" alt=\"\" width=\"238\" height=\"238\" \/>Consulter le nouveau Journal Le Multiplicateur en cliquant ici.<\/a><\/strong><\/p>\n<p><strong>Dans ce\u00a0\u00a0num\u00e9ro :\u00a0<\/strong>des informations sur un projet d\u2019int\u00e9gration des kin\u00e9siologues dans les \u00e9quipes de r\u00e9adaptation physique, un article sur le r\u00f4le des APPR, plusieurs \u00e9v\u00e9nements \u00e0 venir et bien plus!<!--more--><\/p>\n<p><a href=\"https:\/\/sway.office.com\/3OKRSRQxINkXmen2?ref=Link\">Consulter le journal en cliquant ici.\u00a0<\/a><\/p>\n<p><strong>\u00c9v\u00e9nements \u00e0 venir :<\/strong> midis-conf\u00e9rences, assembl\u00e9e g\u00e9n\u00e9rale annuelle, comit\u00e9s d&rsquo;accueil du CM, \u00e9v\u00e9nement r\u00e9unissant les 3 CM de la Mont\u00e9r\u00e9gie<\/p>\n<p><strong>Aussi dans ce num\u00e9ro : <\/strong>les bons coups de nos membres et le CM en bref.<\/p>\n<p><strong><em>Bonne lecture!<\/em><\/strong><\/p>\n","protected":false},"excerpt":{"rendered":"<p>Consulter le nouveau Journal Le Multiplicateur en cliquant ici. Dans ce\u00a0\u00a0num\u00e9ro :\u00a0des informations sur un projet d\u2019int\u00e9gration des kin\u00e9siologues dans les \u00e9quipes de r\u00e9adaptation physique, un article sur le r\u00f4le des APPR, plusieurs \u00e9v\u00e9nements \u00e0 venir et bien plus!<\/p>\n","protected":false},"author":32,"featured_media":0,"comment_status":"open","ping_status":"closed","sticky":false,"template":"","format":"standard","meta":{"footnotes":""},"categories":[1],"tags":[],"_links":{"self":[{"href":"https:\/\/santemc.quebec\/icentre\/wp-json\/wp\/v2\/posts\/205725"}],"collection":[{"href":"https:\/\/santemc.quebec\/icentre\/wp-json\/wp\/v2\/posts"}],"about":[{"href":"https:\/\/santemc.quebec\/icentre\/wp-json\/wp\/v2\/types\/post"}],"author":[{"embeddable":true,"href":"https:\/\/santemc.quebec\/icentre\/wp-json\/wp\/v2\/users\/32"}],"replies":[{"embeddable":true,"href":"https:\/\/santemc.quebec\/icentre\/wp-json\/wp\/v2\/comments?post=205725"}],"version-history":[{"count":4,"href":"https:\/\/santemc.quebec\/icentre\/wp-json\/wp\/v2\/posts\/205725\/revisions"}],"predecessor-version":[{"id":205730,"href":"https:\/\/santemc.quebec\/icentre\/wp-json\/wp\/v2\/posts\/205725\/revisions\/205730"}],"wp:attachment":[{"href":"https:\/\/santemc.quebec\/icentre\/wp-json\/wp\/v2\/media?parent=205725"}],"wp:term":[{"taxonomy":"category","embeddable":true,"href":"https:\/\/santemc.quebec\/icentre\/wp-json\/wp\/v2\/categories?post=205725"},{"taxonomy":"post_tag","embeddable":true,"href":"https:\/\/santemc.quebec\/icentre\/wp-json\/wp\/v2\/tags?post=205725"}],"curies":[{"name":"wp","href":"https:\/\/api.w.org\/{rel}","templated":true}]}}