{"id":205756,"date":"2022-05-02T14:13:27","date_gmt":"2022-05-02T18:13:27","guid":{"rendered":"https:\/\/santemc.quebec\/icentre\/?p=205756"},"modified":"2022-05-02T14:13:27","modified_gmt":"2022-05-02T18:13:27","slug":"covid-19-mise-a-jour-de-la-foire-aux-questions-39","status":"publish","type":"post","link":"https:\/\/santemc.quebec\/icentre\/covid-19-mise-a-jour-de-la-foire-aux-questions-39\/","title":{"rendered":"COVID-19 : Mise \u00e0 jour de la Foire aux questions"},"content":{"rendered":"<p>Des informations compl\u00e9mentaires ont \u00e9t\u00e9 ajout\u00e9es \u00e0 la section <a href=\"https:\/\/santemc.quebec\/icentre\/?page_id=185406#test\" target=\"_blank\" rel=\"noopener\">Sympt\u00f4mes, test de d\u00e9pistage, isolement et retour au travail<\/a><\/p>\n<p><a href=\"https:\/\/santemc.quebec\/icentre\/?page_id=185406\" target=\"_blank\" rel=\"noopener\">Lire la Foire aux questions des employ\u00e9s<\/a><\/p>\n","protected":false},"excerpt":{"rendered":"<p>Des informations compl\u00e9mentaires ont \u00e9t\u00e9 ajout\u00e9es \u00e0 la section Sympt\u00f4mes, test de d\u00e9pistage, isolement et retour au travail Lire la Foire aux questions des employ\u00e9s<\/p>\n","protected":false},"author":33,"featured_media":0,"comment_status":"open","ping_status":"closed","sticky":false,"template":"","format":"standard","meta":{"footnotes":""},"categories":[1],"tags":[],"_links":{"self":[{"href":"https:\/\/santemc.quebec\/icentre\/wp-json\/wp\/v2\/posts\/205756"}],"collection":[{"href":"https:\/\/santemc.quebec\/icentre\/wp-json\/wp\/v2\/posts"}],"about":[{"href":"https:\/\/santemc.quebec\/icentre\/wp-json\/wp\/v2\/types\/post"}],"author":[{"embeddable":true,"href":"https:\/\/santemc.quebec\/icentre\/wp-json\/wp\/v2\/users\/33"}],"replies":[{"embeddable":true,"href":"https:\/\/santemc.quebec\/icentre\/wp-json\/wp\/v2\/comments?post=205756"}],"version-history":[{"count":1,"href":"https:\/\/santemc.quebec\/icentre\/wp-json\/wp\/v2\/posts\/205756\/revisions"}],"predecessor-version":[{"id":205757,"href":"https:\/\/santemc.quebec\/icentre\/wp-json\/wp\/v2\/posts\/205756\/revisions\/205757"}],"wp:attachment":[{"href":"https:\/\/santemc.quebec\/icentre\/wp-json\/wp\/v2\/media?parent=205756"}],"wp:term":[{"taxonomy":"category","embeddable":true,"href":"https:\/\/santemc.quebec\/icentre\/wp-json\/wp\/v2\/categories?post=205756"},{"taxonomy":"post_tag","embeddable":true,"href":"https:\/\/santemc.quebec\/icentre\/wp-json\/wp\/v2\/tags?post=205756"}],"curies":[{"name":"wp","href":"https:\/\/api.w.org\/{rel}","templated":true}]}}