{"id":205766,"date":"2022-05-03T08:43:22","date_gmt":"2022-05-03T12:43:22","guid":{"rendered":"https:\/\/santemc.quebec\/icentre\/?p=205766"},"modified":"2022-05-03T08:43:22","modified_gmt":"2022-05-03T12:43:22","slug":"semaine-de-la-sante-mentale-2022-et-si-nous-choisissions-lempathie","status":"publish","type":"post","link":"https:\/\/santemc.quebec\/icentre\/semaine-de-la-sante-mentale-2022-et-si-nous-choisissions-lempathie\/","title":{"rendered":"Semaine de la sant\u00e9 mentale 2022 : et si nous choisissions l\u2019empathie?"},"content":{"rendered":"<p><a href=\"https:\/\/santemc.quebec\/santemc\/icentre\/wp-content\/uploads\/2022\/05\/semaine_sante_mentale.jpg\"><img decoding=\"async\" loading=\"lazy\" class=\"size-medium wp-image-205767 alignleft\" src=\"https:\/\/santemc.quebec\/santemc\/icentre\/wp-content\/uploads\/2022\/05\/semaine_sante_mentale-300x300.jpg\" alt=\"\" width=\"300\" height=\"300\" srcset=\"https:\/\/santemc.quebec\/santemc\/icentre\/wp-content\/uploads\/2022\/05\/semaine_sante_mentale-300x300.jpg 300w, https:\/\/santemc.quebec\/santemc\/icentre\/wp-content\/uploads\/2022\/05\/semaine_sante_mentale-150x150.jpg 150w, https:\/\/santemc.quebec\/santemc\/icentre\/wp-content\/uploads\/2022\/05\/semaine_sante_mentale.jpg 558w\" sizes=\"(max-width: 300px) 100vw, 300px\" \/><\/a>Du 2 au 8 mai, l\u2019Association canadienne pour la sant\u00e9 mentale\u00a0(ACSM) lance la 71<sup>e<\/sup> \u00e9dition de la Semaine de la sant\u00e9 mentale.<\/p>\n<p>Ayant pour th\u00e8me cette ann\u00e9e l\u2019empathie, cette semaine est l\u2019occasion de sensibiliser la population \u00e0 l\u2019importance d\u2019\u00eatre \u00e0 l\u2019\u00e9coute et sensible aux autres.<\/p>\n<p>Une foule d\u2019outils et de conseils sont disponibles sur le site de l\u2019ACSM. <a href=\"https:\/\/www.mentalhealthweek.ca\/fr\/\" target=\"_blank\" rel=\"noopener\">https:\/\/www.mentalhealthweek.ca\/fr\/<\/a><\/p>\n<p><!--more--><\/p>\n<p>Ceux-ci permettent d\u2019en savoir plus sur l\u2019importance d\u2019\u00eatre \u00e0 l\u2019\u00e9coute de sa sant\u00e9 mentale et sur les fa\u00e7ons de faire preuve d\u2019empathie avec les gens qui nous entourent. \u00catre sensible et \u00e0 l\u2019\u00e9coute des autres, se mettre \u00e0 leur place sans les juger; voil\u00e0 qui permet la cr\u00e9ation d\u2019un espace pour\u00a0<strong>#ParlerPourVrai<\/strong>.<\/p>\n<p><strong>Connaissez-vous le programme de soutien par les pairs, <em>Les bienveilleurs<\/em>?<br \/>\n<\/strong>Lanc\u00e9 derni\u00e8rement au CISSS de la Mont\u00e9r\u00e9gie-Centre, le programme de soutien par les pairs <em>Les bienveilleurs<\/em> consiste \u00e0 offrir avec empathie un accompagnement pratique et un soutien \u00e9motionnel aux coll\u00e8gues qui ont de la difficult\u00e9 \u00e0 composer avec une situation. Vous voulez en apprendre plus sur ce programme ou conna\u00eetre les bienveilleurs dans votre environnement de travail? Nous vous invitons \u00e0 consulter l\u2019intranet : <a href=\"http:\/\/intranetcisssmc.ca\/commentcava\" target=\"_blank\" rel=\"noopener\"><strong>intranetcisssmc.ca\/commentcava<\/strong><\/a><\/p>\n<p>Si vous avez besoin de parler, de ventiler, d\u2019\u00eatre soutenu ou outill\u00e9, plusieurs autres ressources y sont r\u00e9pertori\u00e9es, dont le programme d\u2019aide aux employ\u00e9s que vous pouvez joindre au 1\u202f855\u202f612-2998.<\/p>\n","protected":false},"excerpt":{"rendered":"<p>Du 2 au 8 mai, l\u2019Association canadienne pour la sant\u00e9 mentale\u00a0(ACSM) lance la 71e \u00e9dition de la Semaine de la sant\u00e9 mentale. Ayant pour th\u00e8me cette ann\u00e9e l\u2019empathie, cette semaine est l\u2019occasion de sensibiliser la population \u00e0 l\u2019importance d\u2019\u00eatre \u00e0 &hellip; <a href=\"https:\/\/santemc.quebec\/icentre\/semaine-de-la-sante-mentale-2022-et-si-nous-choisissions-lempathie\/\">Continuer la lecture <span class=\"meta-nav\">&rarr;<\/span><\/a><\/p>\n","protected":false},"author":9,"featured_media":0,"comment_status":"open","ping_status":"closed","sticky":false,"template":"","format":"standard","meta":{"footnotes":""},"categories":[1],"tags":[],"_links":{"self":[{"href":"https:\/\/santemc.quebec\/icentre\/wp-json\/wp\/v2\/posts\/205766"}],"collection":[{"href":"https:\/\/santemc.quebec\/icentre\/wp-json\/wp\/v2\/posts"}],"about":[{"href":"https:\/\/santemc.quebec\/icentre\/wp-json\/wp\/v2\/types\/post"}],"author":[{"embeddable":true,"href":"https:\/\/santemc.quebec\/icentre\/wp-json\/wp\/v2\/users\/9"}],"replies":[{"embeddable":true,"href":"https:\/\/santemc.quebec\/icentre\/wp-json\/wp\/v2\/comments?post=205766"}],"version-history":[{"count":1,"href":"https:\/\/santemc.quebec\/icentre\/wp-json\/wp\/v2\/posts\/205766\/revisions"}],"predecessor-version":[{"id":205768,"href":"https:\/\/santemc.quebec\/icentre\/wp-json\/wp\/v2\/posts\/205766\/revisions\/205768"}],"wp:attachment":[{"href":"https:\/\/santemc.quebec\/icentre\/wp-json\/wp\/v2\/media?parent=205766"}],"wp:term":[{"taxonomy":"category","embeddable":true,"href":"https:\/\/santemc.quebec\/icentre\/wp-json\/wp\/v2\/categories?post=205766"},{"taxonomy":"post_tag","embeddable":true,"href":"https:\/\/santemc.quebec\/icentre\/wp-json\/wp\/v2\/tags?post=205766"}],"curies":[{"name":"wp","href":"https:\/\/api.w.org\/{rel}","templated":true}]}}