{"id":205801,"date":"2022-05-05T08:00:18","date_gmt":"2022-05-05T12:00:18","guid":{"rendered":"https:\/\/santemc.quebec\/icentre\/?p=205801"},"modified":"2022-05-04T09:40:03","modified_gmt":"2022-05-04T13:40:03","slug":"journee-internationale-de-la-sage-femme-2","status":"publish","type":"post","link":"https:\/\/santemc.quebec\/icentre\/journee-internationale-de-la-sage-femme-2\/","title":{"rendered":"Journ\u00e9e internationale de la sage-femme"},"content":{"rendered":"<p>Le<a href=\"https:\/\/santemc.quebec\/santemc\/icentre\/wp-content\/uploads\/2022\/05\/sages-femmes.png\"><img decoding=\"async\" loading=\"lazy\" class=\" wp-image-205800 alignleft\" src=\"https:\/\/santemc.quebec\/santemc\/icentre\/wp-content\/uploads\/2022\/05\/sages-femmes.png\" alt=\"\" width=\"405\" height=\"333\" \/><\/a> 5 mai est c\u00e9l\u00e9br\u00e9e la <strong>Journ\u00e9e internationale de la sage-femme<\/strong>.<\/p>\n<p>Au CISSSMC, les sages-femmes sont membres de nos \u00e9quipes cliniques et offrent des soins complets du d\u00e9but de la grossesse jusqu\u2019\u00e0 six semaines apr\u00e8s l\u2019accouchement, pour la m\u00e8re et son b\u00e9b\u00e9.<!--more--><\/p>\n<p>Partie int\u00e9grante de notre offre de soins en p\u00e9rinatalit\u00e9, les sages-femmes se distinguent par leur approche globale et personnalis\u00e9e qui inclut le couple et la famille. Cette approche privil\u00e9gie les choix \u00e9clair\u00e9s, la responsabilisation et la participation des parents. Elles consid\u00e8rent la grossesse et l\u2019accouchement comme des \u00e9v\u00e9nements naturels.<\/p>\n<p>Au CISSSMC, nous tenions \u00e0 mettre en lumi\u00e8re, particuli\u00e8rement aujourd\u2019hui, leur apport indispensable dans les services offerts en p\u00e9rinatalit\u00e9.<\/p>\n<p>Merci aux 10 sages-femmes qui exercent dans notre \u00e9tablissement pour votre expertise, vos comp\u00e9tences, votre professionnalisme et votre humanisme. Chaque ann\u00e9e, ce sont, en moyenne 300 familles que vous suivez pendant la grossesse, l\u2019accouchement et le suivi post partum.<\/p>\n<p>&nbsp;<\/p>\n<p>&nbsp;<\/p>\n","protected":false},"excerpt":{"rendered":"<p>Le 5 mai est c\u00e9l\u00e9br\u00e9e la Journ\u00e9e internationale de la sage-femme. Au CISSSMC, les sages-femmes sont membres de nos \u00e9quipes cliniques et offrent des soins complets du d\u00e9but de la grossesse jusqu\u2019\u00e0 six semaines apr\u00e8s l\u2019accouchement, pour la m\u00e8re et &hellip; <a href=\"https:\/\/santemc.quebec\/icentre\/journee-internationale-de-la-sage-femme-2\/\">Continuer la lecture <span class=\"meta-nav\">&rarr;<\/span><\/a><\/p>\n","protected":false},"author":32,"featured_media":0,"comment_status":"open","ping_status":"closed","sticky":false,"template":"","format":"standard","meta":{"footnotes":""},"categories":[1],"tags":[],"_links":{"self":[{"href":"https:\/\/santemc.quebec\/icentre\/wp-json\/wp\/v2\/posts\/205801"}],"collection":[{"href":"https:\/\/santemc.quebec\/icentre\/wp-json\/wp\/v2\/posts"}],"about":[{"href":"https:\/\/santemc.quebec\/icentre\/wp-json\/wp\/v2\/types\/post"}],"author":[{"embeddable":true,"href":"https:\/\/santemc.quebec\/icentre\/wp-json\/wp\/v2\/users\/32"}],"replies":[{"embeddable":true,"href":"https:\/\/santemc.quebec\/icentre\/wp-json\/wp\/v2\/comments?post=205801"}],"version-history":[{"count":2,"href":"https:\/\/santemc.quebec\/icentre\/wp-json\/wp\/v2\/posts\/205801\/revisions"}],"predecessor-version":[{"id":205803,"href":"https:\/\/santemc.quebec\/icentre\/wp-json\/wp\/v2\/posts\/205801\/revisions\/205803"}],"wp:attachment":[{"href":"https:\/\/santemc.quebec\/icentre\/wp-json\/wp\/v2\/media?parent=205801"}],"wp:term":[{"taxonomy":"category","embeddable":true,"href":"https:\/\/santemc.quebec\/icentre\/wp-json\/wp\/v2\/categories?post=205801"},{"taxonomy":"post_tag","embeddable":true,"href":"https:\/\/santemc.quebec\/icentre\/wp-json\/wp\/v2\/tags?post=205801"}],"curies":[{"name":"wp","href":"https:\/\/api.w.org\/{rel}","templated":true}]}}