{"id":205806,"date":"2022-05-04T13:17:17","date_gmt":"2022-05-04T17:17:17","guid":{"rendered":"https:\/\/santemc.quebec\/icentre\/?p=205806"},"modified":"2022-05-04T13:17:32","modified_gmt":"2022-05-04T17:17:32","slug":"journee-des-infirmieres-et-infirmiers-auxiliaires-5-mai-2022","status":"publish","type":"post","link":"https:\/\/santemc.quebec\/icentre\/journee-des-infirmieres-et-infirmiers-auxiliaires-5-mai-2022\/","title":{"rendered":"Journ\u00e9e des infirmi\u00e8res et infirmiers auxiliaires \u2014 5 mai 2022"},"content":{"rendered":"<p><a href=\"https:\/\/santemc.quebec\/santemc\/icentre\/wp-content\/uploads\/2022\/05\/visuel_journeeIIA.png\"><img decoding=\"async\" loading=\"lazy\" class=\"size-medium wp-image-205807 alignleft\" src=\"https:\/\/santemc.quebec\/santemc\/icentre\/wp-content\/uploads\/2022\/05\/visuel_journeeIIA-300x251.png\" alt=\"\" width=\"300\" height=\"251\" srcset=\"https:\/\/santemc.quebec\/santemc\/icentre\/wp-content\/uploads\/2022\/05\/visuel_journeeIIA-300x251.png 300w, https:\/\/santemc.quebec\/santemc\/icentre\/wp-content\/uploads\/2022\/05\/visuel_journeeIIA-768x644.png 768w, https:\/\/santemc.quebec\/santemc\/icentre\/wp-content\/uploads\/2022\/05\/visuel_journeeIIA-358x300.png 358w, https:\/\/santemc.quebec\/santemc\/icentre\/wp-content\/uploads\/2022\/05\/visuel_journeeIIA.png 940w\" sizes=\"(max-width: 300px) 100vw, 300px\" \/><\/a>Demain, le 5 mai, se d\u00e9roule la Journ\u00e9e des infirmi\u00e8res et infirmiers auxiliaires. Cette initiative vise \u00e0 reconna\u00eetre le professionnalisme des personnes qui veillent sans rel\u00e2che sur notre sant\u00e9.<\/p>\n<p>Ce jeudi, soulignons l\u2019apport inestimable des infirmi\u00e8res et infirmiers auxiliaires qui \u0153uvrent au sein du CISSS de la Mont\u00e9r\u00e9gie-Centre.<\/p>\n<p>\u00c0 l\u2019h\u00f4pital, en CHSLD ou \u00e0 domicile, leur r\u00f4le est essentiel. Nous souhaitons leur dire MERCI!<\/p>\n<p><!--more--><\/p>\n","protected":false},"excerpt":{"rendered":"<p>Demain, le 5 mai, se d\u00e9roule la Journ\u00e9e des infirmi\u00e8res et infirmiers auxiliaires. Cette initiative vise \u00e0 reconna\u00eetre le professionnalisme des personnes qui veillent sans rel\u00e2che sur notre sant\u00e9. Ce jeudi, soulignons l\u2019apport inestimable des infirmi\u00e8res et infirmiers auxiliaires qui &hellip; <a href=\"https:\/\/santemc.quebec\/icentre\/journee-des-infirmieres-et-infirmiers-auxiliaires-5-mai-2022\/\">Continuer la lecture <span class=\"meta-nav\">&rarr;<\/span><\/a><\/p>\n","protected":false},"author":9,"featured_media":0,"comment_status":"open","ping_status":"closed","sticky":false,"template":"","format":"standard","meta":{"footnotes":""},"categories":[1],"tags":[],"_links":{"self":[{"href":"https:\/\/santemc.quebec\/icentre\/wp-json\/wp\/v2\/posts\/205806"}],"collection":[{"href":"https:\/\/santemc.quebec\/icentre\/wp-json\/wp\/v2\/posts"}],"about":[{"href":"https:\/\/santemc.quebec\/icentre\/wp-json\/wp\/v2\/types\/post"}],"author":[{"embeddable":true,"href":"https:\/\/santemc.quebec\/icentre\/wp-json\/wp\/v2\/users\/9"}],"replies":[{"embeddable":true,"href":"https:\/\/santemc.quebec\/icentre\/wp-json\/wp\/v2\/comments?post=205806"}],"version-history":[{"count":2,"href":"https:\/\/santemc.quebec\/icentre\/wp-json\/wp\/v2\/posts\/205806\/revisions"}],"predecessor-version":[{"id":205809,"href":"https:\/\/santemc.quebec\/icentre\/wp-json\/wp\/v2\/posts\/205806\/revisions\/205809"}],"wp:attachment":[{"href":"https:\/\/santemc.quebec\/icentre\/wp-json\/wp\/v2\/media?parent=205806"}],"wp:term":[{"taxonomy":"category","embeddable":true,"href":"https:\/\/santemc.quebec\/icentre\/wp-json\/wp\/v2\/categories?post=205806"},{"taxonomy":"post_tag","embeddable":true,"href":"https:\/\/santemc.quebec\/icentre\/wp-json\/wp\/v2\/tags?post=205806"}],"curies":[{"name":"wp","href":"https:\/\/api.w.org\/{rel}","templated":true}]}}