{"id":205810,"date":"2022-05-04T13:26:13","date_gmt":"2022-05-04T17:26:13","guid":{"rendered":"https:\/\/santemc.quebec\/icentre\/?p=205810"},"modified":"2022-05-04T13:26:13","modified_gmt":"2022-05-04T17:26:13","slug":"semaine-nationale-des-soins-palliatifs-2","status":"publish","type":"post","link":"https:\/\/santemc.quebec\/icentre\/semaine-nationale-des-soins-palliatifs-2\/","title":{"rendered":"Semaine nationale des soins palliatifs"},"content":{"rendered":"<div id=\"attachment_205811\" style=\"width: 310px\" class=\"wp-caption alignleft\"><a href=\"https:\/\/santemc.quebec\/santemc\/icentre\/wp-content\/uploads\/2022\/05\/Phot1-EquipeRessourcePalliativeSt-Jean.jpg\"><img aria-describedby=\"caption-attachment-205811\" decoding=\"async\" loading=\"lazy\" class=\"size-medium wp-image-205811\" src=\"https:\/\/santemc.quebec\/santemc\/icentre\/wp-content\/uploads\/2022\/05\/Phot1-EquipeRessourcePalliativeSt-Jean-300x177.jpg\" alt=\"\" width=\"300\" height=\"177\" srcset=\"https:\/\/santemc.quebec\/santemc\/icentre\/wp-content\/uploads\/2022\/05\/Phot1-EquipeRessourcePalliativeSt-Jean-300x177.jpg 300w, https:\/\/santemc.quebec\/santemc\/icentre\/wp-content\/uploads\/2022\/05\/Phot1-EquipeRessourcePalliativeSt-Jean-768x453.jpg 768w, https:\/\/santemc.quebec\/santemc\/icentre\/wp-content\/uploads\/2022\/05\/Phot1-EquipeRessourcePalliativeSt-Jean-500x295.jpg 500w, https:\/\/santemc.quebec\/santemc\/icentre\/wp-content\/uploads\/2022\/05\/Phot1-EquipeRessourcePalliativeSt-Jean.jpg 917w\" sizes=\"(max-width: 300px) 100vw, 300px\" \/><\/a><p id=\"caption-attachment-205811\" class=\"wp-caption-text\">\u00c9quipe Ressource palliative Saint-Jean-sur-Richelieu<\/p><\/div>\n<p>Dans le cadre de la Semaine nationale des soins palliatifs, sous le th\u00e8me <b><i>vivre en couleur<\/i><\/b>, nous tenons \u00e0 souligner le travail exceptionnel du personnel qui accompagne et contribue \u00e0 rendre plus vives les couleurs de la vie durant cette p\u00e9riode parfois sombre. Les soins palliatifs ne se limitent pas \u00e0 la gestion de la douleur et des sympt\u00f4mes, mais s\u2019illuminent dans les relations avec les usagers et leurs proches.<\/p>\n<p><!--more--><\/p>\n<div class=\"x_x_elementToProof\">\n<p class=\"x_x_MsoNormal\">Le personnel en soins palliatifs et fin de vie contribue \u00e0 mettre de la couleur dans le quotidien par sa bienveillance, son respect et sa cr\u00e9ativit\u00e9 pour adapter les soins aux volont\u00e9s exprim\u00e9es par l\u2019usager et ses proches.<\/p>\n<p class=\"x_x_MsoNormal\">Merci \u00e0 toutes nos \u00e9quipes en soins palliatifs et fin de vie!<\/p>\n<p class=\"x_x_MsoNormal\"><b>En photos, quelques-unes de nos \u00e9quipes :<\/b><\/p>\n<div id=\"attachment_205812\" style=\"width: 235px\" class=\"wp-caption aligncenter\"><a href=\"https:\/\/santemc.quebec\/santemc\/icentre\/wp-content\/uploads\/2022\/05\/Photo2-DrYvesTurenneDreEmilieGemme.jpg\"><img aria-describedby=\"caption-attachment-205812\" decoding=\"async\" loading=\"lazy\" class=\"size-medium wp-image-205812\" src=\"https:\/\/santemc.quebec\/santemc\/icentre\/wp-content\/uploads\/2022\/05\/Photo2-DrYvesTurenneDreEmilieGemme-225x300.jpg\" alt=\"\" width=\"225\" height=\"300\" srcset=\"https:\/\/santemc.quebec\/santemc\/icentre\/wp-content\/uploads\/2022\/05\/Photo2-DrYvesTurenneDreEmilieGemme-225x300.jpg 225w, https:\/\/santemc.quebec\/santemc\/icentre\/wp-content\/uploads\/2022\/05\/Photo2-DrYvesTurenneDreEmilieGemme-768x1024.jpg 768w, https:\/\/santemc.quebec\/santemc\/icentre\/wp-content\/uploads\/2022\/05\/Photo2-DrYvesTurenneDreEmilieGemme.jpg 825w\" sizes=\"(max-width: 225px) 100vw, 225px\" \/><\/a><p id=\"caption-attachment-205812\" class=\"wp-caption-text\">Dre Emilie Gemme et Dr Yves Turenne<\/p><\/div>\n<p>&nbsp;<\/p>\n<div id=\"attachment_205813\" style=\"width: 310px\" class=\"wp-caption aligncenter\"><a href=\"https:\/\/santemc.quebec\/santemc\/icentre\/wp-content\/uploads\/2022\/05\/Photo3-EquipeSoutienDomOncoPal_CLSCValleeForts.jpg\"><img aria-describedby=\"caption-attachment-205813\" decoding=\"async\" loading=\"lazy\" class=\"size-medium wp-image-205813\" src=\"https:\/\/santemc.quebec\/santemc\/icentre\/wp-content\/uploads\/2022\/05\/Photo3-EquipeSoutienDomOncoPal_CLSCValleeForts-300x177.jpg\" alt=\"\" width=\"300\" height=\"177\" srcset=\"https:\/\/santemc.quebec\/santemc\/icentre\/wp-content\/uploads\/2022\/05\/Photo3-EquipeSoutienDomOncoPal_CLSCValleeForts-300x177.jpg 300w, https:\/\/santemc.quebec\/santemc\/icentre\/wp-content\/uploads\/2022\/05\/Photo3-EquipeSoutienDomOncoPal_CLSCValleeForts-768x453.jpg 768w, https:\/\/santemc.quebec\/santemc\/icentre\/wp-content\/uploads\/2022\/05\/Photo3-EquipeSoutienDomOncoPal_CLSCValleeForts-500x295.jpg 500w, https:\/\/santemc.quebec\/santemc\/icentre\/wp-content\/uploads\/2022\/05\/Photo3-EquipeSoutienDomOncoPal_CLSCValleeForts.jpg 844w\" sizes=\"(max-width: 300px) 100vw, 300px\" \/><\/a><p id=\"caption-attachment-205813\" class=\"wp-caption-text\">\u00c9quipe Soutien \u00e0 domicile (oncologie et soins palliatifs) CLSC de la Vall\u00e9e-des-Forts<\/p><\/div>\n<p class=\"x_x_MsoNormal\"><b>Pour en savoir plus sur la Semaine des soins palliatifs, vous pouvez consulter le site Web de <span class=\"x_x_MsoHyperlink\"><a title=\"URL d'origine\u00a0: https:\/\/www.acsp.net\/campagnes\/la-semaine-nationale-des-soins-palliatifs\/. Cliquez ou appuyez si vous faites confiance \u00e0 ce lien.\" href=\"https:\/\/can01.safelinks.protection.outlook.com\/?url=https%3A%2F%2Fwww.acsp.net%2Fcampagnes%2Fla-semaine-nationale-des-soins-palliatifs%2F&amp;data=05%7C01%7Ccaroline.robert.cisssmc16%40ssss.gouv.qc.ca%7C9b54ea244d6a40b5469d08da2dd58234%7C06e1fe285f8b4075bf6cae24be1a7992%7C0%7C0%7C637872692270767713%7CUnknown%7CTWFpbGZsb3d8eyJWIjoiMC4wLjAwMDAiLCJQIjoiV2luMzIiLCJBTiI6Ik1haWwiLCJXVCI6Mn0%3D%7C3000%7C%7C%7C&amp;sdata=oA3fTIW0wROgMG06NY4BlJzflftOTtTGw2HkJYfINgw%3D&amp;reserved=0\" target=\"_blank\" rel=\"noopener noreferrer\" data-auth=\"Verified\" data-linkindex=\"0\">l\u2019Association canadienne en soins palliatifs<\/a><\/span><\/b><\/p>\n<\/div>\n","protected":false},"excerpt":{"rendered":"<p>Dans le cadre de la Semaine nationale des soins palliatifs, sous le th\u00e8me vivre en couleur, nous tenons \u00e0 souligner le travail exceptionnel du personnel qui accompagne et contribue \u00e0 rendre plus vives les couleurs de la vie durant cette &hellip; <a href=\"https:\/\/santemc.quebec\/icentre\/semaine-nationale-des-soins-palliatifs-2\/\">Continuer la lecture <span class=\"meta-nav\">&rarr;<\/span><\/a><\/p>\n","protected":false},"author":9,"featured_media":0,"comment_status":"open","ping_status":"closed","sticky":false,"template":"","format":"standard","meta":{"footnotes":""},"categories":[1],"tags":[],"_links":{"self":[{"href":"https:\/\/santemc.quebec\/icentre\/wp-json\/wp\/v2\/posts\/205810"}],"collection":[{"href":"https:\/\/santemc.quebec\/icentre\/wp-json\/wp\/v2\/posts"}],"about":[{"href":"https:\/\/santemc.quebec\/icentre\/wp-json\/wp\/v2\/types\/post"}],"author":[{"embeddable":true,"href":"https:\/\/santemc.quebec\/icentre\/wp-json\/wp\/v2\/users\/9"}],"replies":[{"embeddable":true,"href":"https:\/\/santemc.quebec\/icentre\/wp-json\/wp\/v2\/comments?post=205810"}],"version-history":[{"count":1,"href":"https:\/\/santemc.quebec\/icentre\/wp-json\/wp\/v2\/posts\/205810\/revisions"}],"predecessor-version":[{"id":205814,"href":"https:\/\/santemc.quebec\/icentre\/wp-json\/wp\/v2\/posts\/205810\/revisions\/205814"}],"wp:attachment":[{"href":"https:\/\/santemc.quebec\/icentre\/wp-json\/wp\/v2\/media?parent=205810"}],"wp:term":[{"taxonomy":"category","embeddable":true,"href":"https:\/\/santemc.quebec\/icentre\/wp-json\/wp\/v2\/categories?post=205810"},{"taxonomy":"post_tag","embeddable":true,"href":"https:\/\/santemc.quebec\/icentre\/wp-json\/wp\/v2\/tags?post=205810"}],"curies":[{"name":"wp","href":"https:\/\/api.w.org\/{rel}","templated":true}]}}