{"id":205819,"date":"2022-05-04T14:28:45","date_gmt":"2022-05-04T18:28:45","guid":{"rendered":"https:\/\/santemc.quebec\/icentre\/?p=205819"},"modified":"2022-05-04T14:28:45","modified_gmt":"2022-05-04T18:28:45","slug":"en-mai-la-physiotherapie-est-a-lhonneur","status":"publish","type":"post","link":"https:\/\/santemc.quebec\/icentre\/en-mai-la-physiotherapie-est-a-lhonneur\/","title":{"rendered":"En mai, la physioth\u00e9rapie est \u00e0 l\u2019honneur"},"content":{"rendered":"<div id=\"attachment_205820\" style=\"width: 310px\" class=\"wp-caption alignleft\"><a href=\"https:\/\/santemc.quebec\/santemc\/icentre\/wp-content\/uploads\/2022\/05\/mois_physiotherapie.jpg\"><img aria-describedby=\"caption-attachment-205820\" decoding=\"async\" loading=\"lazy\" class=\"size-medium wp-image-205820\" src=\"https:\/\/santemc.quebec\/santemc\/icentre\/wp-content\/uploads\/2022\/05\/mois_physiotherapie-300x225.jpg\" alt=\"\" width=\"300\" height=\"225\" srcset=\"https:\/\/santemc.quebec\/santemc\/icentre\/wp-content\/uploads\/2022\/05\/mois_physiotherapie-300x225.jpg 300w, https:\/\/santemc.quebec\/santemc\/icentre\/wp-content\/uploads\/2022\/05\/mois_physiotherapie-400x300.jpg 400w, https:\/\/santemc.quebec\/santemc\/icentre\/wp-content\/uploads\/2022\/05\/mois_physiotherapie.jpg 640w\" sizes=\"(max-width: 300px) 100vw, 300px\" \/><\/a><p id=\"caption-attachment-205820\" class=\"wp-caption-text\">De gauche \u00e0 droite : Jos\u00e9e Turgeon, Marie-H\u00e9l\u00e8ne Hardy , Sonia Hall\u00e9e, Isabel Bleau et Val\u00e9rie Chevrette, physioth\u00e9rapeutes.<\/p><\/div>\n<p>Dans le cadre du mois national de la physioth\u00e9rapie, ayant lieu chaque ann\u00e9e au mois de mai, nous souhaitons souligner le soutien constant et la bienveillance de ces professionnels au sein de nos centres hospitaliers, nos cliniques externes et services ambulatoires, nos GMF, nos centres de r\u00e9adaptation, nos CHSLD, nos CLSC et bien plus encore.<\/p>\n<p><!--more--><\/p>\n<p>Travaillant en collaboration avec plusieurs \u00e9quipes, les physioth\u00e9rapeutes et les technologues en physioth\u00e9rapie interviennent aupr\u00e8s des usagers ayant des limitations fonctionnelles d\u00e9coulant de maladies affectant le syst\u00e8me neuro-musculosquelettique, dont des conditions neurologiques, orthop\u00e9diques ou cardiorespiratoires. Leurs \u00e9valuations, leurs traitements et leurs conseils sont essentiels afin de permettre aux usagers de retrouver leurs capacit\u00e9s fonctionnelles le plus rapidement possible.<\/p>\n<p>Merci \u00e0 vous pour l\u2019engagement dont vous faites preuve pour le bien-\u00eatre de nos usagers!<\/p>\n","protected":false},"excerpt":{"rendered":"<p>Dans le cadre du mois national de la physioth\u00e9rapie, ayant lieu chaque ann\u00e9e au mois de mai, nous souhaitons souligner le soutien constant et la bienveillance de ces professionnels au sein de nos centres hospitaliers, nos cliniques externes et services &hellip; <a href=\"https:\/\/santemc.quebec\/icentre\/en-mai-la-physiotherapie-est-a-lhonneur\/\">Continuer la lecture <span class=\"meta-nav\">&rarr;<\/span><\/a><\/p>\n","protected":false},"author":9,"featured_media":0,"comment_status":"open","ping_status":"closed","sticky":false,"template":"","format":"standard","meta":{"footnotes":""},"categories":[1],"tags":[],"_links":{"self":[{"href":"https:\/\/santemc.quebec\/icentre\/wp-json\/wp\/v2\/posts\/205819"}],"collection":[{"href":"https:\/\/santemc.quebec\/icentre\/wp-json\/wp\/v2\/posts"}],"about":[{"href":"https:\/\/santemc.quebec\/icentre\/wp-json\/wp\/v2\/types\/post"}],"author":[{"embeddable":true,"href":"https:\/\/santemc.quebec\/icentre\/wp-json\/wp\/v2\/users\/9"}],"replies":[{"embeddable":true,"href":"https:\/\/santemc.quebec\/icentre\/wp-json\/wp\/v2\/comments?post=205819"}],"version-history":[{"count":1,"href":"https:\/\/santemc.quebec\/icentre\/wp-json\/wp\/v2\/posts\/205819\/revisions"}],"predecessor-version":[{"id":205821,"href":"https:\/\/santemc.quebec\/icentre\/wp-json\/wp\/v2\/posts\/205819\/revisions\/205821"}],"wp:attachment":[{"href":"https:\/\/santemc.quebec\/icentre\/wp-json\/wp\/v2\/media?parent=205819"}],"wp:term":[{"taxonomy":"category","embeddable":true,"href":"https:\/\/santemc.quebec\/icentre\/wp-json\/wp\/v2\/categories?post=205819"},{"taxonomy":"post_tag","embeddable":true,"href":"https:\/\/santemc.quebec\/icentre\/wp-json\/wp\/v2\/tags?post=205819"}],"curies":[{"name":"wp","href":"https:\/\/api.w.org\/{rel}","templated":true}]}}