{"id":205823,"date":"2022-05-05T09:24:52","date_gmt":"2022-05-05T13:24:52","guid":{"rendered":"https:\/\/santemc.quebec\/icentre\/?p=205823"},"modified":"2022-05-05T09:30:52","modified_gmt":"2022-05-05T13:30:52","slug":"bulletin-periscope-pres-dun-monteregien-sur-six-est-fortement-derange-par-le-bruit-copy-copy-copy-copy-copy-copy-copy-copy-copy-copy-copy-copy-copy-copy-copy-copy-copy-copy-copy-copy-copy-copy-copy-5","status":"publish","type":"post","link":"https:\/\/santemc.quebec\/icentre\/bulletin-periscope-pres-dun-monteregien-sur-six-est-fortement-derange-par-le-bruit-copy-copy-copy-copy-copy-copy-copy-copy-copy-copy-copy-copy-copy-copy-copy-copy-copy-copy-copy-copy-copy-copy-copy-5\/","title":{"rendered":"Bulletin P\u00e9riscope &#8211; Sant\u00e9 mentale positive : voir au-del\u00e0 du trouble mental"},"content":{"rendered":"<p><img decoding=\"async\" loading=\"lazy\" class=\"aligncenter wp-image-2877 size-full\" src=\"http:\/\/santemc.quebec\/santemc\/icentre\/wp-content\/uploads\/2016\/09\/periscope.png\" alt=\"periscope\" width=\"789\" height=\"163\" srcset=\"https:\/\/santemc.quebec\/santemc\/icentre\/wp-content\/uploads\/2016\/09\/periscope.png 789w, https:\/\/santemc.quebec\/santemc\/icentre\/wp-content\/uploads\/2016\/09\/periscope-300x62.png 300w, https:\/\/santemc.quebec\/santemc\/icentre\/wp-content\/uploads\/2016\/09\/periscope-768x159.png 768w, https:\/\/santemc.quebec\/santemc\/icentre\/wp-content\/uploads\/2016\/09\/periscope-500x103.png 500w\" sizes=\"(max-width: 789px) 100vw, 789px\" \/><\/p>\n<p>La sant\u00e9 mentale, tout comme la sant\u00e9 physique, ne se limite pas qu&rsquo;\u00e0 l&rsquo;absence de maladie, elle comprend \u00e9galement une dimension positive. L&rsquo;Agence de la sant\u00e9 publique du Canada d\u00e9finit la sant\u00e9 mentale comme un \u00e9tat de bien-\u00eatre qui nous permet de ressentir, de penser et d&rsquo;agir de mani\u00e8re \u00e0 am\u00e9liorer notre aptitude \u00e0 jouir de la vie et \u00e0 relever les d\u00e9fis auxquels nous sommes confront\u00e9s.<\/p>\n<p><!--more--><\/p>\n<p>Pour en savoir davantage sur le sujet, vous \u00eates invit\u00e9s \u00e0 consulter le <a href=\"https:\/\/santemc.quebec\/santemc\/icentre\/wp-content\/uploads\/2022\/05\/VF-PeriscopeSanteMentale_Mai2022.pdf\" target=\"_blank\" rel=\"noopener\">num\u00e9ro suivant<\/a> du bulletin P\u00e9riscope. Nous vous invitons \u00e9galement \u00e0 prendre connaissance du document intitul\u00e9 <a href=\"https:\/\/santemc.quebec\/santemc\/icentre\/wp-content\/uploads\/2022\/05\/Infographie_SMPositive.pdf\" target=\"_blank\" rel=\"noopener\">Sant\u00e9 mentale positive : quelques chiffres<\/a>.<\/p>\n<p>Bonne lecture!<\/p>\n<p>&nbsp;<\/p>\n","protected":false},"excerpt":{"rendered":"<p>La sant\u00e9 mentale, tout comme la sant\u00e9 physique, ne se limite pas qu&rsquo;\u00e0 l&rsquo;absence de maladie, elle comprend \u00e9galement une dimension positive. L&rsquo;Agence de la sant\u00e9 publique du Canada d\u00e9finit la sant\u00e9 mentale comme un \u00e9tat de bien-\u00eatre qui nous &hellip; <a href=\"https:\/\/santemc.quebec\/icentre\/bulletin-periscope-pres-dun-monteregien-sur-six-est-fortement-derange-par-le-bruit-copy-copy-copy-copy-copy-copy-copy-copy-copy-copy-copy-copy-copy-copy-copy-copy-copy-copy-copy-copy-copy-copy-copy-5\/\">Continuer la lecture <span class=\"meta-nav\">&rarr;<\/span><\/a><\/p>\n","protected":false},"author":1,"featured_media":0,"comment_status":"open","ping_status":"closed","sticky":false,"template":"","format":"standard","meta":{"footnotes":""},"categories":[1],"tags":[44],"_links":{"self":[{"href":"https:\/\/santemc.quebec\/icentre\/wp-json\/wp\/v2\/posts\/205823"}],"collection":[{"href":"https:\/\/santemc.quebec\/icentre\/wp-json\/wp\/v2\/posts"}],"about":[{"href":"https:\/\/santemc.quebec\/icentre\/wp-json\/wp\/v2\/types\/post"}],"author":[{"embeddable":true,"href":"https:\/\/santemc.quebec\/icentre\/wp-json\/wp\/v2\/users\/1"}],"replies":[{"embeddable":true,"href":"https:\/\/santemc.quebec\/icentre\/wp-json\/wp\/v2\/comments?post=205823"}],"version-history":[{"count":3,"href":"https:\/\/santemc.quebec\/icentre\/wp-json\/wp\/v2\/posts\/205823\/revisions"}],"predecessor-version":[{"id":205828,"href":"https:\/\/santemc.quebec\/icentre\/wp-json\/wp\/v2\/posts\/205823\/revisions\/205828"}],"wp:attachment":[{"href":"https:\/\/santemc.quebec\/icentre\/wp-json\/wp\/v2\/media?parent=205823"}],"wp:term":[{"taxonomy":"category","embeddable":true,"href":"https:\/\/santemc.quebec\/icentre\/wp-json\/wp\/v2\/categories?post=205823"},{"taxonomy":"post_tag","embeddable":true,"href":"https:\/\/santemc.quebec\/icentre\/wp-json\/wp\/v2\/tags?post=205823"}],"curies":[{"name":"wp","href":"https:\/\/api.w.org\/{rel}","templated":true}]}}