{"id":205829,"date":"2022-05-05T09:48:08","date_gmt":"2022-05-05T13:48:08","guid":{"rendered":"https:\/\/santemc.quebec\/icentre\/?p=205829"},"modified":"2022-05-05T09:53:22","modified_gmt":"2022-05-05T13:53:22","slug":"agrement-capsule-dinformation-no-1-copy-copy-copy-copy-copy-copy-copy-copy-copy-copy-copy-copy-copy-copy-copy-copy-copy-copy-copy-copy-copy-copy-copy-copy-copy-copy-copy-copy-copy-copy-copy-copy-co-7","status":"publish","type":"post","link":"https:\/\/santemc.quebec\/icentre\/agrement-capsule-dinformation-no-1-copy-copy-copy-copy-copy-copy-copy-copy-copy-copy-copy-copy-copy-copy-copy-copy-copy-copy-copy-copy-copy-copy-copy-copy-copy-copy-copy-copy-copy-copy-copy-copy-co-7\/","title":{"rendered":"Agr\u00e9ment : capsule d&rsquo;information no 19"},"content":{"rendered":"<p><a href=\"https:\/\/santemc.quebec\/santemc\/icentre\/wp-content\/uploads\/2019\/05\/agrement.png\"><img decoding=\"async\" loading=\"lazy\" class=\" wp-image-10364 alignleft\" src=\"https:\/\/santemc.quebec\/santemc\/icentre\/wp-content\/uploads\/2019\/05\/agrement.png\" alt=\"\" width=\"106\" height=\"107\" srcset=\"https:\/\/santemc.quebec\/santemc\/icentre\/wp-content\/uploads\/2019\/05\/agrement.png 240w, https:\/\/santemc.quebec\/santemc\/icentre\/wp-content\/uploads\/2019\/05\/agrement-150x150.png 150w\" sizes=\"(max-width: 106px) 100vw, 106px\" \/><\/a><\/p>\n<p><strong><span style=\"color: #e7242a;\">Sujet : L\u2019\u00e9quipement de protection individuelle (\u00c9PI)<b><br \/>\n<\/b><\/span><\/strong><\/p>\n<p><strong><span style=\"color: #e7242a;\"><b><\/b>Public vis\u00e9 : travailleurs de la sant\u00e9, m\u00e9decins, gestionnaires, stagiaires, b\u00e9n\u00e9voles, usagers et leur famille<\/span><\/strong><\/p>\n<p><!--more--><\/p>\n<p><strong><span style=\"color: #e7242a;\">\u00c0 retenir<\/span><\/strong><\/p>\n<ol>\n<li>Les pratiques de base doivent \u00eatre appliqu\u00e9es, en tout temps et dans tous les milieux de soins, lors d&rsquo;interventions pr\u00e9sentant un potentiel d&rsquo;exposition \u00e0 un agent infectieux. Les pratiques additionnelles s&rsquo;ajoutent \u00e0 ces derni\u00e8res selon le m\u00e9canisme de transmission reconnu de l&rsquo;agent pathog\u00e8ne soup\u00e7onn\u00e9 ou pr\u00e9sent chez un usager avec lequel on doit interagir.<\/li>\n<li>L\u2019\u00e9quipement de protection individuelle permet de briser la cha\u00eene de transmission de l\u2019infection.<\/li>\n<li>L\u2019\u00e9quipement de protection individuelle comprend la blouse de protection \u00e0 manches longues, le masque, la protection oculaire et les gants non st\u00e9riles \u00e0 usage unique. Ils doivent \u00eatre enfil\u00e9s dans cet ordre pr\u00e9cis.<\/li>\n<li>L\u2019efficacit\u00e9 de l\u2019\u00e9quipement de protection individuelle d\u00e9pend de l\u2019utilisation ad\u00e9quate de celle-ci. La mise en place et\/ou le retrait inad\u00e9quat de l&rsquo;\u00c9PI peut pr\u00e9senter un risque de contamination.<\/li>\n<\/ol>\n<p><strong><span style=\"color: #e7242a;\">D\u00e9finition<\/span><\/strong><\/p>\n<ul>\n<li>L\u2019\u00e9quipement de protection individuelle (\u00c9PI) est mis \u00e0 la disposition des travailleurs de la sant\u00e9 pour pr\u00e9venir la transmission d\u2019un agent pathog\u00e8ne lorsqu\u2019un contact est anticip\u00e9 avec une personne infect\u00e9e ou colonis\u00e9e ou lors d\u2019un contact avec des liquides biologiques sans \u00e9gard \u00e0 leur statut infectieux.<\/li>\n<\/ul>\n<p><strong><span style=\"color: #e7242a;\">Concr\u00e8tement<\/span><\/strong><\/p>\n<ul>\n<li>Le port de l\u2019\u00c9PI doit \u00eatre d\u00e9termin\u00e9 en fonction du risque d\u2019\u00e9claboussures ou de souillures de sang, de liquides biologiques, de s\u00e9cr\u00e9tions, d\u2019excr\u00e9tions, d\u2019a\u00e9rosols ou d\u2019autre mati\u00e8res potentiellement infectieuses.<\/li>\n<li>Les gants doivent \u00eatre enfil\u00e9s au moment de l\u2019intervention et retir\u00e9s imm\u00e9diatement apr\u00e8s celle-ci. Le port des gants ne remplace pas l\u2019hygi\u00e8ne des mains.<\/li>\n<li>La blouse de protection doit recouvrir les bras et le devant du corps et doit \u00eatre ferm\u00e9e au cou et au dos.<\/li>\n<li>Le masque doit couvrir le nez et la bouche. La protection oculaire doit \u00eatre port\u00e9e en compl\u00e9ment du masque.<\/li>\n<\/ul>\n<p><strong><span style=\"color: #e7242a;\">O\u00f9 trouver la documentation<\/span><\/strong><\/p>\n<ul>\n<li style=\"list-style-type: none;\"><\/li>\n<li><a href=\"https:\/\/intranetcisssmc.rtss.qc.ca\/index.php?eID=dumpFile&amp;t=f&amp;f=7813&amp;token=aafe26cabe89aade5dddb53df7fd429e8e5dd949\" target=\"_blank\" rel=\"noopener\">DSI-804 Proc\u00e9dure sur les pratiques de base pour pr\u00e9venir la transmission des infections<\/a><\/li>\n<li><a href=\"https:\/\/intranetcisssmc.rtss.qc.ca\/index.php?eID=dumpFile&amp;t=f&amp;f=7811&amp;token=ce0de27af8651282534801c369b3914305f4545a\" target=\"_blank\" rel=\"noopener\">DSI-806 Proc\u00e9dure d\u2019application de pr\u00e9cautions additionnelles<\/a><\/li>\n<li>Vid\u00e9o intitul\u00e9 <a href=\"https:\/\/vimeo.com\/663452285\/5389eb5e29\" target=\"_blank\" rel=\"noopener\">Mise en place de l&rsquo;\u00e9quipement de protection pour les travailleurs<\/a><\/li>\n<li>Vid\u00e9o intitul\u00e9 <a href=\"https:\/\/vimeo.com\/663452328\/9e2ad1bd10\" target=\"_blank\" rel=\"noopener\">Retrait de l&rsquo;\u00e9quipement de protection pour les travailleurs<\/a><\/li>\n<\/ul>\n<p><a href=\"https:\/\/santemc.quebec\/santemc\/icentre\/wp-content\/uploads\/2022\/05\/No19-EquipementProtectIndividuelle_EPI_5mai2022.pdf\" target=\"_blank\" rel=\"noopener\">Version PDF pour impression et pour affichage dans vos secteurs<\/a><\/p>\n","protected":false},"excerpt":{"rendered":"<p>Sujet : L\u2019\u00e9quipement de protection individuelle (\u00c9PI) Public vis\u00e9 : travailleurs de la sant\u00e9, m\u00e9decins, gestionnaires, stagiaires, b\u00e9n\u00e9voles, usagers et leur famille<\/p>\n","protected":false},"author":9,"featured_media":0,"comment_status":"open","ping_status":"closed","sticky":false,"template":"","format":"standard","meta":{"footnotes":""},"categories":[1],"tags":[],"_links":{"self":[{"href":"https:\/\/santemc.quebec\/icentre\/wp-json\/wp\/v2\/posts\/205829"}],"collection":[{"href":"https:\/\/santemc.quebec\/icentre\/wp-json\/wp\/v2\/posts"}],"about":[{"href":"https:\/\/santemc.quebec\/icentre\/wp-json\/wp\/v2\/types\/post"}],"author":[{"embeddable":true,"href":"https:\/\/santemc.quebec\/icentre\/wp-json\/wp\/v2\/users\/9"}],"replies":[{"embeddable":true,"href":"https:\/\/santemc.quebec\/icentre\/wp-json\/wp\/v2\/comments?post=205829"}],"version-history":[{"count":2,"href":"https:\/\/santemc.quebec\/icentre\/wp-json\/wp\/v2\/posts\/205829\/revisions"}],"predecessor-version":[{"id":205832,"href":"https:\/\/santemc.quebec\/icentre\/wp-json\/wp\/v2\/posts\/205829\/revisions\/205832"}],"wp:attachment":[{"href":"https:\/\/santemc.quebec\/icentre\/wp-json\/wp\/v2\/media?parent=205829"}],"wp:term":[{"taxonomy":"category","embeddable":true,"href":"https:\/\/santemc.quebec\/icentre\/wp-json\/wp\/v2\/categories?post=205829"},{"taxonomy":"post_tag","embeddable":true,"href":"https:\/\/santemc.quebec\/icentre\/wp-json\/wp\/v2\/tags?post=205829"}],"curies":[{"name":"wp","href":"https:\/\/api.w.org\/{rel}","templated":true}]}}