{"id":205833,"date":"2022-05-05T10:00:19","date_gmt":"2022-05-05T14:00:19","guid":{"rendered":"https:\/\/santemc.quebec\/icentre\/?p=205833"},"modified":"2022-05-05T10:43:10","modified_gmt":"2022-05-05T14:43:10","slug":"conference-du-crclm-prevenir-le-suicide-en-ligne-et-hors-ligne-chez-les-personnes-ayant-un-risque-suicidaire","status":"publish","type":"post","link":"https:\/\/santemc.quebec\/icentre\/conference-du-crclm-prevenir-le-suicide-en-ligne-et-hors-ligne-chez-les-personnes-ayant-un-risque-suicidaire\/","title":{"rendered":"Conf\u00e9rence du CRCLM : Pr\u00e9venir le suicide en ligne et hors ligne chez les personnes ayant un risque suicidaire"},"content":{"rendered":"<p><img decoding=\"async\" loading=\"lazy\" class=\"alignleft\" src=\"https:\/\/intranetcisssmc.rtss.qc.ca\/fileadmin\/user_upload\/jrassy.jpg\" width=\"158\" height=\"235\" \/>Le\u00a0 Centre de recherche Charles-Le Moyne vous invite \u00e0 la conf\u00e9rence <strong>\u00ab\u00a0Pr\u00e9venir le suicide en ligne et hors ligne chez les personnes ayant un risque suicidaire\u00a0\u00bb<\/strong>.<\/p>\n<p>La conf\u00e9rence de <strong>Pre Jessica Rassy<\/strong> aura lieu le <strong>10 mai, de 12 h \u00e0 13 h<\/strong>, sur TEAMS.<br \/>\nPour vous brancher :\u00a0<br \/>\n<!--more--><\/p>\n<p><strong>R\u00e9sum\u00e9: \u00a0<\/strong><br \/>\nLa population qu\u00e9b\u00e9coise est encore touch\u00e9e par les effets de la pand\u00e9mie de la COVID-19, notamment en ce qui concerne la sant\u00e9 mentale. Par cons\u00e9quent, certaines personnes peuvent pr\u00e9senter un risque suicidaire et les infirmi\u00e8res ont un r\u00f4le privil\u00e9gi\u00e9 pour intervenir aupr\u00e8s de ces personnes vuln\u00e9rables. Cette pr\u00e9sentation se veut un aper\u00e7u de la programmation de recherche de Jessica Rassy qui vise \u00e0 comprendre la trajectoire de recherche d\u2019aide lors d\u2019une crise suicidaire et identifier\/\u00e9valuer les interventions prometteuses en pr\u00e9vention du suicide. Des r\u00e9sultats pr\u00e9liminaires de quelques travaux de recherche associ\u00e9s \u00e0 cette programmation seront pr\u00e9sent\u00e9s lors de cette conf\u00e9rence.<\/p>\n<p><strong>La conf\u00e9renci\u00e8re :\u00a0\u00a0<\/strong><br \/>\nJessica Rassy est infirmi\u00e8re et professeure\u00a0agr\u00e9g\u00e9e\u00a0\u00e0 l\u2019\u00c9cole des sciences infirmi\u00e8res de la Facult\u00e9 de m\u00e9decine et des sciences de la sant\u00e9 de l\u2019Universit\u00e9 de Sherbrooke (Campus Longueuil). Elle d\u00e9tient un baccalaur\u00e9at et une ma\u00eetrise en sciences infirmi\u00e8res de l\u2019Universit\u00e9 de Montr\u00e9al et a obtenu son doctorat en sciences cliniques de l\u2019Universit\u00e9 de Sherbrooke en juin 2017.\u00a0Elle a aussi termin\u00e9 son postdoctorat \u00e0 l\u2019Universit\u00e9 de Montr\u00e9al en janvier 2021 dont le projet principal porte sur le protocole S\u00e9cUrgence. Avant de commencer sa carri\u00e8re de professeure, Jessica Rassy a travaill\u00e9 plusieurs ann\u00e9es comme infirmi\u00e8re clinicienne en p\u00e9dopsychiatrie.<\/p>\n","protected":false},"excerpt":{"rendered":"<p>Le\u00a0 Centre de recherche Charles-Le Moyne vous invite \u00e0 la conf\u00e9rence \u00ab\u00a0Pr\u00e9venir le suicide en ligne et hors ligne chez les personnes ayant un risque suicidaire\u00a0\u00bb. La conf\u00e9rence de Pre Jessica Rassy aura lieu le 10 mai, de 12 h &hellip; <a href=\"https:\/\/santemc.quebec\/icentre\/conference-du-crclm-prevenir-le-suicide-en-ligne-et-hors-ligne-chez-les-personnes-ayant-un-risque-suicidaire\/\">Continuer la lecture <span class=\"meta-nav\">&rarr;<\/span><\/a><\/p>\n","protected":false},"author":32,"featured_media":0,"comment_status":"open","ping_status":"closed","sticky":false,"template":"","format":"standard","meta":{"footnotes":""},"categories":[1],"tags":[],"_links":{"self":[{"href":"https:\/\/santemc.quebec\/icentre\/wp-json\/wp\/v2\/posts\/205833"}],"collection":[{"href":"https:\/\/santemc.quebec\/icentre\/wp-json\/wp\/v2\/posts"}],"about":[{"href":"https:\/\/santemc.quebec\/icentre\/wp-json\/wp\/v2\/types\/post"}],"author":[{"embeddable":true,"href":"https:\/\/santemc.quebec\/icentre\/wp-json\/wp\/v2\/users\/32"}],"replies":[{"embeddable":true,"href":"https:\/\/santemc.quebec\/icentre\/wp-json\/wp\/v2\/comments?post=205833"}],"version-history":[{"count":4,"href":"https:\/\/santemc.quebec\/icentre\/wp-json\/wp\/v2\/posts\/205833\/revisions"}],"predecessor-version":[{"id":205842,"href":"https:\/\/santemc.quebec\/icentre\/wp-json\/wp\/v2\/posts\/205833\/revisions\/205842"}],"wp:attachment":[{"href":"https:\/\/santemc.quebec\/icentre\/wp-json\/wp\/v2\/media?parent=205833"}],"wp:term":[{"taxonomy":"category","embeddable":true,"href":"https:\/\/santemc.quebec\/icentre\/wp-json\/wp\/v2\/categories?post=205833"},{"taxonomy":"post_tag","embeddable":true,"href":"https:\/\/santemc.quebec\/icentre\/wp-json\/wp\/v2\/tags?post=205833"}],"curies":[{"name":"wp","href":"https:\/\/api.w.org\/{rel}","templated":true}]}}