{"id":205836,"date":"2022-05-12T10:01:31","date_gmt":"2022-05-12T14:01:31","guid":{"rendered":"https:\/\/santemc.quebec\/icentre\/?p=205836"},"modified":"2022-05-05T10:57:02","modified_gmt":"2022-05-05T14:57:02","slug":"conference-du-crclm-prevenir-le-suicide-en-ligne-et-hors-ligne-chez-les-personnes-ayant-un-risque-suicidaire-copy","status":"publish","type":"post","link":"https:\/\/santemc.quebec\/icentre\/conference-du-crclm-prevenir-le-suicide-en-ligne-et-hors-ligne-chez-les-personnes-ayant-un-risque-suicidaire-copy\/","title":{"rendered":"Conf\u00e9rence du CRCLM : Identit\u00e9 sexuelle et utilisation des services\u00a0: comprendre la stigmatisation bas\u00e9e sur le genre chez les adolescents"},"content":{"rendered":"<p><img decoding=\"async\" loading=\"lazy\" class=\"alignleft\" src=\"https:\/\/intranetcisssmc.rtss.qc.ca\/fileadmin\/user_upload\/AMS.jpg\" width=\"172\" height=\"210\" \/>Le\u00a0 Centre de recherche Charles-Le Moyne vous invite \u00e0 la conf\u00e9rence <strong>\u00ab\u00a0Identit\u00e9 sexuelle et utilisation des services\u00a0: comprendre la stigmatisation bas\u00e9e sur le genre chez les adolescents\u00a0\u00bb<\/strong>.<\/p>\n<p>La conf\u00e9rence de <strong>Pre Alexa Martin-Storey<\/strong>\u00a0aura lieu le <strong>17 mai, de 12 h \u00e0 13 h<\/strong>, sur TEAMS.<br \/>\nPour vous brancher :<br \/>\n<!--more--><\/p>\n<p>Dans cette pr\u00e9sentation, Pre Martin-Storey donnera un bref aper\u00e7u de son programme de recherche, et en particulier de son travail sur l\u2019utilisation des services par les adolescents.<\/p>\n<p>Elle pr\u00e9sentera trois \u00e9tudes r\u00e9centes examinant l\u2019utilisation des services chez les jeunes issus de minorit\u00e9s sexuelles, en mettant l\u2019accent sur la fa\u00e7on dont les services sont utilis\u00e9s et les besoins en mati\u00e8re de services tout en examinant les obstacles rencontr\u00e9s par ces jeunes.<\/p>\n<p><strong>La conf\u00e9renci\u00e8re :<\/strong><br \/>\nLa professeure Martin-Storey est professeure agr\u00e9g\u00e9e au D\u00e9partement de psycho\u00e9ducation de l\u2019Universit\u00e9 de Sherbrooke et titulaire de la Chaire de recherche du Canada sur la stigmatisation et le d\u00e9veloppement psychosocial.<\/p>\n<p>Bas\u00e9 sur une perspective d\u00e9veloppementale et une approche comparative interdisciplinaire, son programme de recherche veut d\u00e9gager des principes universels qui r\u00e9gissent les m\u00e9canismes expliquant les variations dans l\u2019adaptation sociale et scolaire des jeunes stigmatis\u00e9s.<\/p>\n<p>.<\/p>\n","protected":false},"excerpt":{"rendered":"<p>Le\u00a0 Centre de recherche Charles-Le Moyne vous invite \u00e0 la conf\u00e9rence \u00ab\u00a0Identit\u00e9 sexuelle et utilisation des services\u00a0: comprendre la stigmatisation bas\u00e9e sur le genre chez les adolescents\u00a0\u00bb. La conf\u00e9rence de Pre Alexa Martin-Storey\u00a0aura lieu le 17 mai, de 12 h &hellip; <a href=\"https:\/\/santemc.quebec\/icentre\/conference-du-crclm-prevenir-le-suicide-en-ligne-et-hors-ligne-chez-les-personnes-ayant-un-risque-suicidaire-copy\/\">Continuer la lecture <span class=\"meta-nav\">&rarr;<\/span><\/a><\/p>\n","protected":false},"author":32,"featured_media":0,"comment_status":"open","ping_status":"closed","sticky":false,"template":"","format":"standard","meta":{"footnotes":""},"categories":[1],"tags":[],"_links":{"self":[{"href":"https:\/\/santemc.quebec\/icentre\/wp-json\/wp\/v2\/posts\/205836"}],"collection":[{"href":"https:\/\/santemc.quebec\/icentre\/wp-json\/wp\/v2\/posts"}],"about":[{"href":"https:\/\/santemc.quebec\/icentre\/wp-json\/wp\/v2\/types\/post"}],"author":[{"embeddable":true,"href":"https:\/\/santemc.quebec\/icentre\/wp-json\/wp\/v2\/users\/32"}],"replies":[{"embeddable":true,"href":"https:\/\/santemc.quebec\/icentre\/wp-json\/wp\/v2\/comments?post=205836"}],"version-history":[{"count":4,"href":"https:\/\/santemc.quebec\/icentre\/wp-json\/wp\/v2\/posts\/205836\/revisions"}],"predecessor-version":[{"id":205837,"href":"https:\/\/santemc.quebec\/icentre\/wp-json\/wp\/v2\/posts\/205836\/revisions\/205837"}],"wp:attachment":[{"href":"https:\/\/santemc.quebec\/icentre\/wp-json\/wp\/v2\/media?parent=205836"}],"wp:term":[{"taxonomy":"category","embeddable":true,"href":"https:\/\/santemc.quebec\/icentre\/wp-json\/wp\/v2\/categories?post=205836"},{"taxonomy":"post_tag","embeddable":true,"href":"https:\/\/santemc.quebec\/icentre\/wp-json\/wp\/v2\/tags?post=205836"}],"curies":[{"name":"wp","href":"https:\/\/api.w.org\/{rel}","templated":true}]}}