{"id":205843,"date":"2022-05-26T10:57:09","date_gmt":"2022-05-26T14:57:09","guid":{"rendered":"https:\/\/santemc.quebec\/icentre\/?p=205843"},"modified":"2022-05-05T11:00:51","modified_gmt":"2022-05-05T15:00:51","slug":"conference-du-crclm-prevenir-le-suicide-en-ligne-et-hors-ligne-chez-les-personnes-ayant-un-risque-suicidaire-copy-copy","status":"publish","type":"post","link":"https:\/\/santemc.quebec\/icentre\/conference-du-crclm-prevenir-le-suicide-en-ligne-et-hors-ligne-chez-les-personnes-ayant-un-risque-suicidaire-copy-copy\/","title":{"rendered":"Conf\u00e9rence du CRCLM : D\u00e9l\u00e9gation des actes vaccinaux dans les diff\u00e9rents pays"},"content":{"rendered":"<p><a href=\"https:\/\/santemc.quebec\/santemc\/icentre\/wp-content\/uploads\/2022\/05\/TVanDurme.jpg\"><img decoding=\"async\" loading=\"lazy\" class=\"wp-image-205846 alignleft\" src=\"https:\/\/santemc.quebec\/santemc\/icentre\/wp-content\/uploads\/2022\/05\/TVanDurme.jpg\" alt=\"\" width=\"222\" height=\"213\" \/><\/a>Le\u00a0 Centre de recherche Charles-Le Moyne vous invite \u00e0 la conf\u00e9rence <strong>\u00ab\u00a0D\u00e9l\u00e9gation des actes vaccinaux dans les diff\u00e9rents pays\u00a0\u00bb.<\/strong><\/p>\n<p>La conf\u00e9rence de <strong>Dre\u00a0<\/strong><strong>Th\u00e9r\u00e8se Van Durme<\/strong> aura lieu le <strong>31 mai, de 12 h \u00e0 13 h<\/strong>, sur TEAMS.<br \/>\nPour vous brancher :<br \/>\n<!--more--><\/p>\n<p>Le partage des fonctions au sein des soins primaires se fait de mani\u00e8re tr\u00e8s diverse, selon les pays. La prescription du vaccin, les conditions d\u2019administration et la documentation de l\u2019acte vaccinal en est un bel exemple. Nous proposons de pr\u00e9senter les r\u00e9sultats d\u2019une \u00e9tude r\u00e9alis\u00e9e avec les coll\u00e8gues de l\u2019Universit\u00e9 de Li\u00e8ge (Belgique), juste avant la pand\u00e9mie de la Covid-19. Au total, les pratiques vaccinales incluant 34 pays ont \u00e9t\u00e9 investigu\u00e9s (pays europ\u00e9ens, d\u2019Am\u00e9rique du nord, l\u2019Australie, la Nouvelle-Z\u00e9lande et Isra\u00ebl). A partir de ces r\u00e9sultats, nous proposons d\u2019\u00e9voquer les questions des barri\u00e8res et facteurs favorisants aux partages des actes vaccinaux, tels qu\u2019ils sont per\u00e7us par les professionnels.<\/p>\n<p><strong>Conf\u00e9renci\u00e8re :<\/strong><br \/>\n<strong>Th\u00e9r\u00e8se Van Durme<\/strong>\u00a0est infirmi\u00e8re sp\u00e9cialis\u00e9e et docteure en sant\u00e9 publique. Elle travaille comme chercheure qualifi\u00e9e \u00e0 l\u2019Institut de Recherche Sant\u00e9 et Soci\u00e9t\u00e9 et charg\u00e9e de cours invit\u00e9e \u00e0 l\u2019UCLouvain. en Belgique. Elle coordonne une chaire interdisciplinaire de soins primaires, Be.Hive. Ses champs de recherche incluent la structuration des soins primaires, en r\u00e9ponse \u00e0 la fragmentation actuelle des soins, pour des soins plus int\u00e9gr\u00e9s.<\/p>\n","protected":false},"excerpt":{"rendered":"<p>Le\u00a0 Centre de recherche Charles-Le Moyne vous invite \u00e0 la conf\u00e9rence \u00ab\u00a0D\u00e9l\u00e9gation des actes vaccinaux dans les diff\u00e9rents pays\u00a0\u00bb. La conf\u00e9rence de Dre\u00a0Th\u00e9r\u00e8se Van Durme aura lieu le 31 mai, de 12 h \u00e0 13 h, sur TEAMS. Pour vous &hellip; <a href=\"https:\/\/santemc.quebec\/icentre\/conference-du-crclm-prevenir-le-suicide-en-ligne-et-hors-ligne-chez-les-personnes-ayant-un-risque-suicidaire-copy-copy\/\">Continuer la lecture <span class=\"meta-nav\">&rarr;<\/span><\/a><\/p>\n","protected":false},"author":32,"featured_media":0,"comment_status":"open","ping_status":"closed","sticky":false,"template":"","format":"standard","meta":{"footnotes":""},"categories":[1],"tags":[],"_links":{"self":[{"href":"https:\/\/santemc.quebec\/icentre\/wp-json\/wp\/v2\/posts\/205843"}],"collection":[{"href":"https:\/\/santemc.quebec\/icentre\/wp-json\/wp\/v2\/posts"}],"about":[{"href":"https:\/\/santemc.quebec\/icentre\/wp-json\/wp\/v2\/types\/post"}],"author":[{"embeddable":true,"href":"https:\/\/santemc.quebec\/icentre\/wp-json\/wp\/v2\/users\/32"}],"replies":[{"embeddable":true,"href":"https:\/\/santemc.quebec\/icentre\/wp-json\/wp\/v2\/comments?post=205843"}],"version-history":[{"count":2,"href":"https:\/\/santemc.quebec\/icentre\/wp-json\/wp\/v2\/posts\/205843\/revisions"}],"predecessor-version":[{"id":205847,"href":"https:\/\/santemc.quebec\/icentre\/wp-json\/wp\/v2\/posts\/205843\/revisions\/205847"}],"wp:attachment":[{"href":"https:\/\/santemc.quebec\/icentre\/wp-json\/wp\/v2\/media?parent=205843"}],"wp:term":[{"taxonomy":"category","embeddable":true,"href":"https:\/\/santemc.quebec\/icentre\/wp-json\/wp\/v2\/categories?post=205843"},{"taxonomy":"post_tag","embeddable":true,"href":"https:\/\/santemc.quebec\/icentre\/wp-json\/wp\/v2\/tags?post=205843"}],"curies":[{"name":"wp","href":"https:\/\/api.w.org\/{rel}","templated":true}]}}