{"id":205848,"date":"2022-05-10T08:00:15","date_gmt":"2022-05-10T12:00:15","guid":{"rendered":"https:\/\/santemc.quebec\/icentre\/?p=205848"},"modified":"2022-05-10T09:04:16","modified_gmt":"2022-05-10T13:04:16","slug":"colloque-annuel-du-crclm-sante-psychologique-resilience-et-participation-sociale","status":"publish","type":"post","link":"https:\/\/santemc.quebec\/icentre\/colloque-annuel-du-crclm-sante-psychologique-resilience-et-participation-sociale\/","title":{"rendered":"Colloque annuel du CRCLM : Sant\u00e9 psychologique, r\u00e9silience et participation sociale"},"content":{"rendered":"<p>Le vendredi 10 juin 2022 se tiendra le colloque annuel du Centre de recherche Charles-Le Moyne (CRCLM), un \u00e9v\u00e9nement gratuit et en ligne.<\/p>\n<p><strong>TH\u00c8ME DE LA JOURN\u00c9E<br \/>\n<\/strong>Nous \u00e9mergeons d\u2019une pand\u00e9mie qui a touch\u00e9 le monde entier, en m\u00eame temps que des crises politiques, humanitaires, \u00e9cologiques secouent la plan\u00e8te et que certains d\u2019entre nous vivent des trag\u00e9dies personnelles \u00e0 une autre \u00e9chelle, mais tout aussi d\u00e9vastatrices. <!--more-->Afin de traverser ces difficult\u00e9s, la r\u00e9silience et la sant\u00e9 psychologique sont essentielles pour arriver vers un certain r\u00e9tablissement, pour garantir la participation sociale des personnes. Au cours des deux derni\u00e8res ann\u00e9es, en m\u00eame temps que nous traversions la pand\u00e9mie, le CRCLM a accueilli plusieurs chercheuses et chercheurs qui s\u2019int\u00e9ressent sp\u00e9cifiquement \u00e0 la sant\u00e9 psychologique.<\/p>\n<p>Nous d\u00e9dions donc l\u2019\u00e9dition 2022 de notre colloque au th\u00e8me\u00a0\u00ab\u00a0<strong>Sant\u00e9 psychologique,10 r\u00e9silience et participation sociale<\/strong>\u00a0\u00bb. Cet \u00e9v\u00e9nement sera l\u2019occasion pour nos chercheuses et chercheurs de partager leurs travaux qui touchent \u00e0 cette question selon diff\u00e9rents angles\u00a0: par l\u2019organisation des services, de nouveaux types d\u2019interventions, des \u00e9tudes permettant de mieux comprendre certains ph\u00e9nom\u00e8nes\u2026 Bref, nous tenterons de voir comment nos recherches peuvent contribuer \u00e0 am\u00e9liorer la sant\u00e9 psychologique, comment comprendre et accro\u00eetre la r\u00e9silience et comment faire en sorte que les personnes et les organisations favorisent une meilleure participation sociale.<\/p>\n<p>Pour en savoir plus et pour vous inscrire, veuillez cliquer sur le lien suivant :\u00a0<a href=\"https:\/\/event.fourwaves.com\/fr\/crclm2022\/pages\" target=\"_blank\" rel=\"noopener\">https:\/\/event.fourwaves.com\/fr\/crclm2022\/pages<\/a><\/p>\n","protected":false},"excerpt":{"rendered":"<p>Le vendredi 10 juin 2022 se tiendra le colloque annuel du Centre de recherche Charles-Le Moyne (CRCLM), un \u00e9v\u00e9nement gratuit et en ligne. TH\u00c8ME DE LA JOURN\u00c9E Nous \u00e9mergeons d\u2019une pand\u00e9mie qui a touch\u00e9 le monde entier, en m\u00eame temps &hellip; <a href=\"https:\/\/santemc.quebec\/icentre\/colloque-annuel-du-crclm-sante-psychologique-resilience-et-participation-sociale\/\">Continuer la lecture <span class=\"meta-nav\">&rarr;<\/span><\/a><\/p>\n","protected":false},"author":32,"featured_media":0,"comment_status":"open","ping_status":"closed","sticky":false,"template":"","format":"standard","meta":{"footnotes":""},"categories":[27],"tags":[],"_links":{"self":[{"href":"https:\/\/santemc.quebec\/icentre\/wp-json\/wp\/v2\/posts\/205848"}],"collection":[{"href":"https:\/\/santemc.quebec\/icentre\/wp-json\/wp\/v2\/posts"}],"about":[{"href":"https:\/\/santemc.quebec\/icentre\/wp-json\/wp\/v2\/types\/post"}],"author":[{"embeddable":true,"href":"https:\/\/santemc.quebec\/icentre\/wp-json\/wp\/v2\/users\/32"}],"replies":[{"embeddable":true,"href":"https:\/\/santemc.quebec\/icentre\/wp-json\/wp\/v2\/comments?post=205848"}],"version-history":[{"count":4,"href":"https:\/\/santemc.quebec\/icentre\/wp-json\/wp\/v2\/posts\/205848\/revisions"}],"predecessor-version":[{"id":205894,"href":"https:\/\/santemc.quebec\/icentre\/wp-json\/wp\/v2\/posts\/205848\/revisions\/205894"}],"wp:attachment":[{"href":"https:\/\/santemc.quebec\/icentre\/wp-json\/wp\/v2\/media?parent=205848"}],"wp:term":[{"taxonomy":"category","embeddable":true,"href":"https:\/\/santemc.quebec\/icentre\/wp-json\/wp\/v2\/categories?post=205848"},{"taxonomy":"post_tag","embeddable":true,"href":"https:\/\/santemc.quebec\/icentre\/wp-json\/wp\/v2\/tags?post=205848"}],"curies":[{"name":"wp","href":"https:\/\/api.w.org\/{rel}","templated":true}]}}