{"id":205857,"date":"2022-05-05T16:26:41","date_gmt":"2022-05-05T20:26:41","guid":{"rendered":"https:\/\/santemc.quebec\/icentre\/?p=205857"},"modified":"2022-05-06T09:50:59","modified_gmt":"2022-05-06T13:50:59","slug":"1er-au-7-mai-2022-semaine-de-la-securite-civile","status":"publish","type":"post","link":"https:\/\/santemc.quebec\/icentre\/1er-au-7-mai-2022-semaine-de-la-securite-civile\/","title":{"rendered":"1er au 7 mai 2022 : Semaine de la s\u00e9curit\u00e9 civile"},"content":{"rendered":"<p>Du 1er au 7 mai 2022, c\u2019est la Semaine de la s\u00e9curit\u00e9 civile! M\u00e9connue du public, mais n\u00e9vralgique pour la gestion de crises potentielles dans notre organisation, la s\u00e9curit\u00e9 civile fait r\u00e9f\u00e9rence \u00e0 l\u2019ensemble des actions et des moyens mis en place pour conna\u00eetre les risques de sinistres, les pr\u00e9venir et limiter leurs cons\u00e9quences n\u00e9fastes dans nos milieux.<!--more--><\/p>\n<p>Au CISSS de la Mont\u00e9r\u00e9gie-Centre, l\u2019\u00e9quipe de s\u00e9curit\u00e9 civile est en lien constant avec les partenaires importants en gestion de crise tels que les municipalit\u00e9s, les organismes gouvernementaux et les entreprises. De plus, l\u2019\u00e9quipe met en place des mesures de pr\u00e9paration, de pr\u00e9vention, d\u2019intervention et de r\u00e9tablissement en cas d\u2019\u00e9v\u00e9nement majeur et assure la r\u00e9alisation de ces actions dans notre organisation.<\/p>\n<p>Merci de faire de nos installations des endroits s\u00e9curitaires pour les employ\u00e9s et les usagers!<\/p>\n","protected":false},"excerpt":{"rendered":"<p>Du 1er au 7 mai 2022, c\u2019est la Semaine de la s\u00e9curit\u00e9 civile! M\u00e9connue du public, mais n\u00e9vralgique pour la gestion de crises potentielles dans notre organisation, la s\u00e9curit\u00e9 civile fait r\u00e9f\u00e9rence \u00e0 l\u2019ensemble des actions et des moyens mis &hellip; <a href=\"https:\/\/santemc.quebec\/icentre\/1er-au-7-mai-2022-semaine-de-la-securite-civile\/\">Continuer la lecture <span class=\"meta-nav\">&rarr;<\/span><\/a><\/p>\n","protected":false},"author":1,"featured_media":0,"comment_status":"open","ping_status":"closed","sticky":false,"template":"","format":"standard","meta":{"footnotes":""},"categories":[1],"tags":[],"_links":{"self":[{"href":"https:\/\/santemc.quebec\/icentre\/wp-json\/wp\/v2\/posts\/205857"}],"collection":[{"href":"https:\/\/santemc.quebec\/icentre\/wp-json\/wp\/v2\/posts"}],"about":[{"href":"https:\/\/santemc.quebec\/icentre\/wp-json\/wp\/v2\/types\/post"}],"author":[{"embeddable":true,"href":"https:\/\/santemc.quebec\/icentre\/wp-json\/wp\/v2\/users\/1"}],"replies":[{"embeddable":true,"href":"https:\/\/santemc.quebec\/icentre\/wp-json\/wp\/v2\/comments?post=205857"}],"version-history":[{"count":2,"href":"https:\/\/santemc.quebec\/icentre\/wp-json\/wp\/v2\/posts\/205857\/revisions"}],"predecessor-version":[{"id":205873,"href":"https:\/\/santemc.quebec\/icentre\/wp-json\/wp\/v2\/posts\/205857\/revisions\/205873"}],"wp:attachment":[{"href":"https:\/\/santemc.quebec\/icentre\/wp-json\/wp\/v2\/media?parent=205857"}],"wp:term":[{"taxonomy":"category","embeddable":true,"href":"https:\/\/santemc.quebec\/icentre\/wp-json\/wp\/v2\/categories?post=205857"},{"taxonomy":"post_tag","embeddable":true,"href":"https:\/\/santemc.quebec\/icentre\/wp-json\/wp\/v2\/tags?post=205857"}],"curies":[{"name":"wp","href":"https:\/\/api.w.org\/{rel}","templated":true}]}}