{"id":205863,"date":"2022-05-09T08:34:31","date_gmt":"2022-05-09T12:34:31","guid":{"rendered":"https:\/\/santemc.quebec\/icentre\/?p=205863"},"modified":"2022-05-09T08:34:31","modified_gmt":"2022-05-09T12:34:31","slug":"le-grand-merci-semaine-de-la-profession-infirmiere-2022","status":"publish","type":"post","link":"https:\/\/santemc.quebec\/icentre\/le-grand-merci-semaine-de-la-profession-infirmiere-2022\/","title":{"rendered":"\u00ab LE GRAND MERCI \u00bb | Semaine de la profession infirmi\u00e8re 2022"},"content":{"rendered":"<p class=\"x_MsoNormal\"><a href=\"https:\/\/santemc.quebec\/santemc\/icentre\/wp-content\/uploads\/2022\/05\/1080-1080-SPI-A.jpg\"><img decoding=\"async\" loading=\"lazy\" class=\"alignleft wp-image-205864 size-medium\" src=\"https:\/\/santemc.quebec\/santemc\/icentre\/wp-content\/uploads\/2022\/05\/1080-1080-SPI-A-300x300.jpg\" alt=\"\" width=\"300\" height=\"300\" srcset=\"https:\/\/santemc.quebec\/santemc\/icentre\/wp-content\/uploads\/2022\/05\/1080-1080-SPI-A-300x300.jpg 300w, https:\/\/santemc.quebec\/santemc\/icentre\/wp-content\/uploads\/2022\/05\/1080-1080-SPI-A-1024x1024.jpg 1024w, https:\/\/santemc.quebec\/santemc\/icentre\/wp-content\/uploads\/2022\/05\/1080-1080-SPI-A-150x150.jpg 150w, https:\/\/santemc.quebec\/santemc\/icentre\/wp-content\/uploads\/2022\/05\/1080-1080-SPI-A-768x768.jpg 768w, https:\/\/santemc.quebec\/santemc\/icentre\/wp-content\/uploads\/2022\/05\/1080-1080-SPI-A.jpg 1080w\" sizes=\"(max-width: 300px) 100vw, 300px\" \/><\/a>Soyez nombreux \u00e0 signer virtuellement la \u00ab\u00a0<i><a title=\"URL d'origine\u00a0: https:\/\/www.oiiq.org\/evenements\/semaine-de-la-profession\/remerciement. Cliquez ou appuyez si vous faites confiance \u00e0 ce lien.\" href=\"https:\/\/can01.safelinks.protection.outlook.com\/?url=https%3A%2F%2Fwww.oiiq.org%2Fevenements%2Fsemaine-de-la-profession%2Fremerciement&amp;data=05%7C01%7Ccaroline.robert.cisssmc16%40ssss.gouv.qc.ca%7C3826f3dc6f464a1c4ccc08da2f5d2dea%7C06e1fe285f8b4075bf6cae24be1a7992%7C0%7C0%7C637874374485904606%7CUnknown%7CTWFpbGZsb3d8eyJWIjoiMC4wLjAwMDAiLCJQIjoiV2luMzIiLCJBTiI6Ik1haWwiLCJXVCI6Mn0%3D%7C3000%7C%7C%7C&amp;sdata=eZ87MujGqSmN9kkvglCSDqKTAdXVFbDcahVBKcE5pU8%3D&amp;reserved=0\" target=\"_blank\" rel=\"noopener noreferrer\" data-auth=\"Verified\" data-linkindex=\"0\">plus grande carte de remerciements\u00a0<\/a>\u00bb\u00a0<\/i>jamais produite!<\/p>\n<p class=\"x_MsoNormal\">Du 9 au 15 mai, le CISSS de la Mont\u00e9r\u00e9gie-Centre participe au mouvement initi\u00e9 par l\u2019<a title=\"URL d'origine\u00a0: https:\/\/www.oiiq.org\/evenements\/semaine-de-la-profession. Cliquez ou appuyez si vous faites confiance \u00e0 ce lien.\" href=\"https:\/\/can01.safelinks.protection.outlook.com\/?url=https%3A%2F%2Fwww.oiiq.org%2Fevenements%2Fsemaine-de-la-profession&amp;data=05%7C01%7Ccaroline.robert.cisssmc16%40ssss.gouv.qc.ca%7C3826f3dc6f464a1c4ccc08da2f5d2dea%7C06e1fe285f8b4075bf6cae24be1a7992%7C0%7C0%7C637874374485904606%7CUnknown%7CTWFpbGZsb3d8eyJWIjoiMC4wLjAwMDAiLCJQIjoiV2luMzIiLCJBTiI6Ik1haWwiLCJXVCI6Mn0%3D%7C3000%7C%7C%7C&amp;sdata=W8i735plbVSd1Q%2Brb5wc7NJAZ02szqxmOpaAfgHDUN0%3D&amp;reserved=0\" target=\"_blank\" rel=\"noopener noreferrer\" data-auth=\"Verified\" data-linkindex=\"1\">OIIQ<\/a> et vous invite \u00e0 exprimer votre gratitude \u00e0 l&rsquo;\u00e9gard des infirmi\u00e8res et infirmiers du Qu\u00e9bec. Sur tous les fronts depuis plus de deux ans, les infirmi\u00e8res et infirmiers ont fait preuve de leadership, d\u2019innovation et de pers\u00e9v\u00e9rance afin d\u2019offrir des soins de qualit\u00e9 et s\u00e9curitaires.<\/p>\n<p class=\"x_MsoNormal\"><!--more--><\/p>\n<p class=\"x_MsoNormal\">En guise de reconnaissance, soulignons leurs efforts. Signez votre nom et r\u00e9digez un message \u00e0 leur intention d\u00e8s maintenant :<\/p>\n<p class=\"x_MsoNormal\"><a title=\"URL d'origine\u00a0: https:\/\/www.oiiq.org\/evenements\/semaine-de-la-profession\/remerciement. Cliquez ou appuyez si vous faites confiance \u00e0 ce lien.\" href=\"https:\/\/can01.safelinks.protection.outlook.com\/?url=https%3A%2F%2Fwww.oiiq.org%2Fevenements%2Fsemaine-de-la-profession%2Fremerciement&amp;data=05%7C01%7Ccaroline.robert.cisssmc16%40ssss.gouv.qc.ca%7C3826f3dc6f464a1c4ccc08da2f5d2dea%7C06e1fe285f8b4075bf6cae24be1a7992%7C0%7C0%7C637874374485904606%7CUnknown%7CTWFpbGZsb3d8eyJWIjoiMC4wLjAwMDAiLCJQIjoiV2luMzIiLCJBTiI6Ik1haWwiLCJXVCI6Mn0%3D%7C3000%7C%7C%7C&amp;sdata=eZ87MujGqSmN9kkvglCSDqKTAdXVFbDcahVBKcE5pU8%3D&amp;reserved=0\" target=\"_blank\" rel=\"noopener noreferrer\" data-auth=\"Verified\" data-linkindex=\"2\">https:\/\/www.oiiq.org\/evenements\/semaine-de-la-profession\/remerciement<\/a><\/p>\n<p class=\"x_MsoNormal\">Chaque ann\u00e9e, la\u00a0<i>Semaine de la profession infirmi\u00e8re<\/i>\u00a0est l\u2019occasion de c\u00e9l\u00e9brer le r\u00f4le indispensable qu\u2019occupent les infirmi\u00e8res et infirmiers dans le r\u00e9seau de la sant\u00e9.<\/p>\n<p>[envira-gallery id=\u00a0\u00bb205868&Prime;]<\/p>\n<p>&nbsp;<\/p>\n","protected":false},"excerpt":{"rendered":"<p>Soyez nombreux \u00e0 signer virtuellement la \u00ab\u00a0plus grande carte de remerciements\u00a0\u00bb\u00a0jamais produite! Du 9 au 15 mai, le CISSS de la Mont\u00e9r\u00e9gie-Centre participe au mouvement initi\u00e9 par l\u2019OIIQ et vous invite \u00e0 exprimer votre gratitude \u00e0 l&rsquo;\u00e9gard des infirmi\u00e8res et &hellip; <a href=\"https:\/\/santemc.quebec\/icentre\/le-grand-merci-semaine-de-la-profession-infirmiere-2022\/\">Continuer la lecture <span class=\"meta-nav\">&rarr;<\/span><\/a><\/p>\n","protected":false},"author":9,"featured_media":0,"comment_status":"open","ping_status":"closed","sticky":false,"template":"","format":"standard","meta":{"footnotes":""},"categories":[1],"tags":[],"_links":{"self":[{"href":"https:\/\/santemc.quebec\/icentre\/wp-json\/wp\/v2\/posts\/205863"}],"collection":[{"href":"https:\/\/santemc.quebec\/icentre\/wp-json\/wp\/v2\/posts"}],"about":[{"href":"https:\/\/santemc.quebec\/icentre\/wp-json\/wp\/v2\/types\/post"}],"author":[{"embeddable":true,"href":"https:\/\/santemc.quebec\/icentre\/wp-json\/wp\/v2\/users\/9"}],"replies":[{"embeddable":true,"href":"https:\/\/santemc.quebec\/icentre\/wp-json\/wp\/v2\/comments?post=205863"}],"version-history":[{"count":3,"href":"https:\/\/santemc.quebec\/icentre\/wp-json\/wp\/v2\/posts\/205863\/revisions"}],"predecessor-version":[{"id":205872,"href":"https:\/\/santemc.quebec\/icentre\/wp-json\/wp\/v2\/posts\/205863\/revisions\/205872"}],"wp:attachment":[{"href":"https:\/\/santemc.quebec\/icentre\/wp-json\/wp\/v2\/media?parent=205863"}],"wp:term":[{"taxonomy":"category","embeddable":true,"href":"https:\/\/santemc.quebec\/icentre\/wp-json\/wp\/v2\/categories?post=205863"},{"taxonomy":"post_tag","embeddable":true,"href":"https:\/\/santemc.quebec\/icentre\/wp-json\/wp\/v2\/tags?post=205863"}],"curies":[{"name":"wp","href":"https:\/\/api.w.org\/{rel}","templated":true}]}}