{"id":205888,"date":"2022-05-10T09:00:12","date_gmt":"2022-05-10T13:00:12","guid":{"rendered":"https:\/\/santemc.quebec\/icentre\/?p=205888"},"modified":"2022-05-10T09:00:12","modified_gmt":"2022-05-10T13:00:12","slug":"des-bienveilleurs-formes-commencent-a-etre-deployes-dans-les-equipes","status":"publish","type":"post","link":"https:\/\/santemc.quebec\/icentre\/des-bienveilleurs-formes-commencent-a-etre-deployes-dans-les-equipes\/","title":{"rendered":"Des bienveilleurs form\u00e9s commencent \u00e0 \u00eatre d\u00e9ploy\u00e9s dans les \u00e9quipes!"},"content":{"rendered":"<p><a href=\"https:\/\/santemc.quebec\/santemc\/icentre\/wp-content\/uploads\/2022\/05\/programmedesoutien.png\"><img decoding=\"async\" loading=\"lazy\" class=\"alignnone wp-image-205889\" src=\"https:\/\/santemc.quebec\/santemc\/icentre\/wp-content\/uploads\/2022\/05\/programmedesoutien.png\" alt=\"\" width=\"521\" height=\"114\" \/><\/a><\/p>\n<p>L\u2019automne dernier, nous sollicitions votre aide afin d\u2019identifier des personnes int\u00e9ress\u00e9es \u00e0 devenir bienveilleurs. Ces personnes devaient, par leurs qualit\u00e9s personnelles, leur \u00e9coute attentive, leur positivisme et optimisme, inspirer confiance aupr\u00e8s de leurs coll\u00e8gues et souhaiter les soutenir. <strong>Depuis, ce sont pr\u00e8s de 130 personnes qui ont \u00e9t\u00e9 identifi\u00e9es, contact\u00e9es et qui ont accept\u00e9 de s\u2019engager dans cette d\u00e9marche de soutien par les pairs.<\/strong> Merci!<!--more--><\/p>\n<p><a href=\"https:\/\/santemc.quebec\/santemc\/icentre\/wp-content\/uploads\/2022\/05\/bienveilleur_avatar.png\"><img decoding=\"async\" loading=\"lazy\" class=\"wp-image-205890 size-thumbnail alignleft\" src=\"https:\/\/santemc.quebec\/santemc\/icentre\/wp-content\/uploads\/2022\/05\/bienveilleur_avatar-150x150.png\" alt=\"\" width=\"150\" height=\"150\" \/><\/a>Ces bienveilleurs ont re\u00e7u une formation adapt\u00e9e qui leur permet d\u2019offrir un accompagnement pratique et un soutien \u00e9motionnel aux personnes (sans lien hi\u00e9rarchique) qui ont de la difficult\u00e9 \u00e0 composer avec une situation et qui vivent une exp\u00e9rience difficile. <strong>Si vous avez besoin d\u2019\u00eatre \u00e9cout\u00e9, conseill\u00e9, orient\u00e9 vers une ressource, n\u2019h\u00e9sitez pas \u00e0 les interpeller.<\/strong><\/p>\n<p>Pour savoir si un bienveilleur a \u00e9t\u00e9 form\u00e9 dans votre \u00e9quipe de travail, renseignez-vous aupr\u00e8s de votre gestionnaire. <strong>Une liste a aussi \u00e9t\u00e9 d\u00e9pos\u00e9e sur la page <a href=\"https:\/\/intranetcisssmc.rtss.qc.ca\/espace-employe\/prevention-et-mieux-etre-au-travail\/comment-ca-va-vraiment\" target=\"_blank\" rel=\"noopener\">Comment \u00e7a va vraiment<\/a> du site intranet.<\/strong><\/p>\n<p>Cela dit, nous sommes toujours \u00e0 la recherche d\u2019autres ambassadeurs de la bienveillance (<a href=\"https:\/\/vimeo.com\/626459148\" target=\"_blank\" rel=\"noopener\">visionner la capsule vid\u00e9o ici<\/a>). Si vous avez envie de relever ce d\u00e9fi ou si vous pensez qu\u2019un coll\u00e8gue a toutes les qualit\u00e9s n\u00e9cessaires : n\u2019h\u00e9sitez pas \u00e0 nous en informer.<\/p>\n<ul>\n<li><strong>Si vous vous \u00eates reconnu<\/strong>\u00a0dans le profil recherch\u00e9 et vous souhaitez contribuer \u00e0 titre de bienveilleur, nous vous invitons \u00e0<strong>\u00a0remplir\u00a0<a href=\"https:\/\/forms.office.com\/Pages\/ResponsePage.aspx?id=KP7hBotfdUC_bK4kvhp5kmtPD3E_TvZAgbgvCtx2cQFUNjZGV0gyRFVWR01ITEkzTExCRzZOQUIwVS4u\" target=\"_blank\" rel=\"noopener\">ce formulaire<\/a><\/strong>.<\/li>\n<li><strong>Si vous avez reconnu un coll\u00e8gue<\/strong>\u00a0qui semble avoir le profil recherch\u00e9 et qui pourrait \u00eatre int\u00e9ress\u00e9 \u00e0 contribuer \u00e0 titre de bienveilleur, proposez sa candidature en\u00a0<strong>remplissant\u00a0<a href=\"https:\/\/forms.office.com\/Pages\/ResponsePage.aspx?id=KP7hBotfdUC_bK4kvhp5kmtPD3E_TvZAgbgvCtx2cQFUQ0lONlM1WTJDUUY5VVdIUDJDU1o5MVJYVS4u\" target=\"_blank\" rel=\"noopener\">ce formulaire<\/a><\/strong>.<\/li>\n<\/ul>\n","protected":false},"excerpt":{"rendered":"<p>L\u2019automne dernier, nous sollicitions votre aide afin d\u2019identifier des personnes int\u00e9ress\u00e9es \u00e0 devenir bienveilleurs. Ces personnes devaient, par leurs qualit\u00e9s personnelles, leur \u00e9coute attentive, leur positivisme et optimisme, inspirer confiance aupr\u00e8s de leurs coll\u00e8gues et souhaiter les soutenir. Depuis, ce &hellip; <a href=\"https:\/\/santemc.quebec\/icentre\/des-bienveilleurs-formes-commencent-a-etre-deployes-dans-les-equipes\/\">Continuer la lecture <span class=\"meta-nav\">&rarr;<\/span><\/a><\/p>\n","protected":false},"author":32,"featured_media":0,"comment_status":"open","ping_status":"closed","sticky":false,"template":"","format":"standard","meta":{"footnotes":""},"categories":[1],"tags":[],"_links":{"self":[{"href":"https:\/\/santemc.quebec\/icentre\/wp-json\/wp\/v2\/posts\/205888"}],"collection":[{"href":"https:\/\/santemc.quebec\/icentre\/wp-json\/wp\/v2\/posts"}],"about":[{"href":"https:\/\/santemc.quebec\/icentre\/wp-json\/wp\/v2\/types\/post"}],"author":[{"embeddable":true,"href":"https:\/\/santemc.quebec\/icentre\/wp-json\/wp\/v2\/users\/32"}],"replies":[{"embeddable":true,"href":"https:\/\/santemc.quebec\/icentre\/wp-json\/wp\/v2\/comments?post=205888"}],"version-history":[{"count":2,"href":"https:\/\/santemc.quebec\/icentre\/wp-json\/wp\/v2\/posts\/205888\/revisions"}],"predecessor-version":[{"id":205892,"href":"https:\/\/santemc.quebec\/icentre\/wp-json\/wp\/v2\/posts\/205888\/revisions\/205892"}],"wp:attachment":[{"href":"https:\/\/santemc.quebec\/icentre\/wp-json\/wp\/v2\/media?parent=205888"}],"wp:term":[{"taxonomy":"category","embeddable":true,"href":"https:\/\/santemc.quebec\/icentre\/wp-json\/wp\/v2\/categories?post=205888"},{"taxonomy":"post_tag","embeddable":true,"href":"https:\/\/santemc.quebec\/icentre\/wp-json\/wp\/v2\/tags?post=205888"}],"curies":[{"name":"wp","href":"https:\/\/api.w.org\/{rel}","templated":true}]}}