{"id":205898,"date":"2022-05-10T16:27:51","date_gmt":"2022-05-10T20:27:51","guid":{"rendered":"https:\/\/santemc.quebec\/icentre\/?p=205898"},"modified":"2022-05-11T16:28:41","modified_gmt":"2022-05-11T20:28:41","slug":"semaine-des-soins-infirmiers-24-cartes-cadeaux-strom-spa-a-gagner","status":"publish","type":"post","link":"https:\/\/santemc.quebec\/icentre\/semaine-des-soins-infirmiers-24-cartes-cadeaux-strom-spa-a-gagner\/","title":{"rendered":"Semaine des soins infirmiers : 24 cartes-cadeaux Strom Spa \u00e0 gagner!"},"content":{"rendered":"<p>\u00c0 l\u2019occasion de la Semaine des soins infirmiers, la Fondation H\u00f4pital Charles-LeMoyne souhaite montrer sa reconnaissance face au d\u00e9vouement, au courage et au professionnalisme dont font preuve les travailleuses et travailleurs en soins infirmiers.<\/p>\n<p><!--more-->Les patients peuvent toujours compter sur elles et eux pour obtenir des soins de qualit\u00e9, et \u00e7a, c\u2019est pr\u00e9cieux!<\/p>\n<p>La Fondation est heureuse d\u2019offrir 24 acc\u00e8s aux bains Strom spa (valables dans tous<br \/>\nles \u00e9tablissements).<\/p>\n<p>Pour tenter de remporter l\u2019une des cartes, rendez-vous sur notre page Facebook :\u00a0<a href=\"https:\/\/www.facebook.com\/FondationCharlesLeMoyne\/photos\/a.169825079740379\/5225330317523138\" target=\"_blank\" rel=\"noopener\">ici<\/a>.<br \/>\nIl vous suffit d\u2019identifier dans la publication l\u2019infirmi\u00e8re, la pr\u00e9pos\u00e9e aux b\u00e9n\u00e9ficiaires,<br \/>\nou l\u2019infirmi\u00e8re auxiliaire du RLS de Champlain que vous souhaitez voir gagner.<\/p>\n<p>Vous pouvez participer au concours jusqu\u2019au dimanche 15 mai \u00e0 minuit, et les<br \/>\nr\u00e9sultats seront annonc\u00e9s la semaine suivante.<\/p>\n<p>Pour plus de renseignements, communiquez avec Nadia Teixeira par courriel :<br \/>\n<a href=\"mailto:nadia.teixeira@fhclm.ca\" target=\"_blank\" rel=\"noopener\">nadia.teixeira@fhclm.ca<\/a><\/p>\n","protected":false},"excerpt":{"rendered":"<p>\u00c0 l\u2019occasion de la Semaine des soins infirmiers, la Fondation H\u00f4pital Charles-LeMoyne souhaite montrer sa reconnaissance face au d\u00e9vouement, au courage et au professionnalisme dont font preuve les travailleuses et travailleurs en soins infirmiers.<\/p>\n","protected":false},"author":1,"featured_media":0,"comment_status":"open","ping_status":"closed","sticky":false,"template":"","format":"standard","meta":{"footnotes":""},"categories":[1],"tags":[],"_links":{"self":[{"href":"https:\/\/santemc.quebec\/icentre\/wp-json\/wp\/v2\/posts\/205898"}],"collection":[{"href":"https:\/\/santemc.quebec\/icentre\/wp-json\/wp\/v2\/posts"}],"about":[{"href":"https:\/\/santemc.quebec\/icentre\/wp-json\/wp\/v2\/types\/post"}],"author":[{"embeddable":true,"href":"https:\/\/santemc.quebec\/icentre\/wp-json\/wp\/v2\/users\/1"}],"replies":[{"embeddable":true,"href":"https:\/\/santemc.quebec\/icentre\/wp-json\/wp\/v2\/comments?post=205898"}],"version-history":[{"count":1,"href":"https:\/\/santemc.quebec\/icentre\/wp-json\/wp\/v2\/posts\/205898\/revisions"}],"predecessor-version":[{"id":205899,"href":"https:\/\/santemc.quebec\/icentre\/wp-json\/wp\/v2\/posts\/205898\/revisions\/205899"}],"wp:attachment":[{"href":"https:\/\/santemc.quebec\/icentre\/wp-json\/wp\/v2\/media?parent=205898"}],"wp:term":[{"taxonomy":"category","embeddable":true,"href":"https:\/\/santemc.quebec\/icentre\/wp-json\/wp\/v2\/categories?post=205898"},{"taxonomy":"post_tag","embeddable":true,"href":"https:\/\/santemc.quebec\/icentre\/wp-json\/wp\/v2\/tags?post=205898"}],"curies":[{"name":"wp","href":"https:\/\/api.w.org\/{rel}","templated":true}]}}