{"id":205902,"date":"2022-05-12T08:29:18","date_gmt":"2022-05-12T12:29:18","guid":{"rendered":"https:\/\/santemc.quebec\/icentre\/?p=205902"},"modified":"2022-05-12T08:29:18","modified_gmt":"2022-05-12T12:29:18","slug":"semaine-de-la-profession-infirmiere-2022-reperer-un-pair-hors-pair","status":"publish","type":"post","link":"https:\/\/santemc.quebec\/icentre\/semaine-de-la-profession-infirmiere-2022-reperer-un-pair-hors-pair\/","title":{"rendered":"Semaine de la profession infirmi\u00e8re 2022 | \u00ab\u2009REP\u00c9RER UN PAIR HORS PAIR\u2009\u00bb"},"content":{"rendered":"<p><a href=\"https:\/\/santemc.quebec\/santemc\/icentre\/wp-content\/uploads\/2022\/05\/1-1.png\"><img decoding=\"async\" loading=\"lazy\" class=\"size-medium wp-image-205903 alignleft\" src=\"https:\/\/santemc.quebec\/santemc\/icentre\/wp-content\/uploads\/2022\/05\/1-1-300x251.png\" alt=\"\" width=\"300\" height=\"251\" srcset=\"https:\/\/santemc.quebec\/santemc\/icentre\/wp-content\/uploads\/2022\/05\/1-1-300x251.png 300w, https:\/\/santemc.quebec\/santemc\/icentre\/wp-content\/uploads\/2022\/05\/1-1-768x644.png 768w, https:\/\/santemc.quebec\/santemc\/icentre\/wp-content\/uploads\/2022\/05\/1-1-358x300.png 358w, https:\/\/santemc.quebec\/santemc\/icentre\/wp-content\/uploads\/2022\/05\/1-1.png 940w\" sizes=\"(max-width: 300px) 100vw, 300px\" \/><\/a>Pr\u00e8s de 150 personnes ont particip\u00e9 au concours <strong><a href=\"https:\/\/intranetcisssmc.rtss.qc.ca\/actualites\/detail\/semaine-nationale-des-soins-infirmiers-concours-reperer-vos-pairs-hors-pair\" target=\"_blank\" rel=\"noopener\">\u00ab\u2009REP\u00c9RER UN PAIR HORS PAIR\u2009\u00bb<\/a><\/strong> visant \u00e0 reconna\u00eetre une personne inspirante qui occupe la profession infirmi\u00e8re au sein du CISSS de la Mont\u00e9r\u00e9gie-Centre.<\/p>\n<p>Pour souligner la Semaine de la profession infirmi\u00e8re\u00a02022, une mosa\u00efque de f\u00e9licitations a \u00e9t\u00e9 cr\u00e9\u00e9e \u00e0 partir des nombreux t\u00e9moignages d\u2019\u00e9loges recueillis dans le cadre de ce concours.<\/p>\n<p><!--more--><\/p>\n<p><strong><a href=\"https:\/\/intranetcisssmc.rtss.qc.ca\/actualites\/detail\/semaine-nationale-des-soins-infirmiers-concours-reperer-vos-pairs-hors-pair\" target=\"_blank\" rel=\"noopener\">\u00ab\u2009REP\u00c9RER UN PAIR HORS PAIR\u2009\u00bb<\/a><\/strong> est une initiative du comit\u00e9 ex\u00e9cutif du Conseil des infirmi\u00e8res et infirmiers (CECII) et du Comit\u00e9 des infirmi\u00e8res et infirmiers auxiliaires (CIIA) du CISSS de la Mont\u00e9r\u00e9gie-Centre. Un tirage au sort a \u00e9t\u00e9 effectu\u00e9 parmi toutes les candidatures re\u00e7ues. Les personnes gagnantes seront contact\u00e9es par courrier \u00e9lectronique dans les prochains jours.<\/p>\n<p><em>R\u00e9f\u00e9rence publi\u00e9e le 27 avril 2022\u00a0: <a href=\"https:\/\/intranetcisssmc.rtss.qc.ca\/actualites\/detail\/semaine-nationale-des-soins-infirmiers-concours-reperer-vos-pairs-hors-pair\" target=\"_blank\" rel=\"noopener\">Concours \u00ab\u2009REP\u00c9RER UN PAIR HORS PAIR\u2009\u00bb<\/a><\/em><\/p>\n<p><a href=\"https:\/\/santemc.quebec\/santemc\/icentre\/wp-content\/uploads\/2022\/05\/2-1.png\"><img decoding=\"async\" loading=\"lazy\" class=\"size-medium wp-image-205904 aligncenter\" src=\"https:\/\/santemc.quebec\/santemc\/icentre\/wp-content\/uploads\/2022\/05\/2-1-300x251.png\" alt=\"\" width=\"300\" height=\"251\" srcset=\"https:\/\/santemc.quebec\/santemc\/icentre\/wp-content\/uploads\/2022\/05\/2-1-300x251.png 300w, https:\/\/santemc.quebec\/santemc\/icentre\/wp-content\/uploads\/2022\/05\/2-1-768x644.png 768w, https:\/\/santemc.quebec\/santemc\/icentre\/wp-content\/uploads\/2022\/05\/2-1-358x300.png 358w, https:\/\/santemc.quebec\/santemc\/icentre\/wp-content\/uploads\/2022\/05\/2-1.png 940w\" sizes=\"(max-width: 300px) 100vw, 300px\" \/><\/a><\/p>\n","protected":false},"excerpt":{"rendered":"<p>Pr\u00e8s de 150 personnes ont particip\u00e9 au concours \u00ab\u2009REP\u00c9RER UN PAIR HORS PAIR\u2009\u00bb visant \u00e0 reconna\u00eetre une personne inspirante qui occupe la profession infirmi\u00e8re au sein du CISSS de la Mont\u00e9r\u00e9gie-Centre. Pour souligner la Semaine de la profession infirmi\u00e8re\u00a02022, une &hellip; <a href=\"https:\/\/santemc.quebec\/icentre\/semaine-de-la-profession-infirmiere-2022-reperer-un-pair-hors-pair\/\">Continuer la lecture <span class=\"meta-nav\">&rarr;<\/span><\/a><\/p>\n","protected":false},"author":9,"featured_media":0,"comment_status":"open","ping_status":"closed","sticky":false,"template":"","format":"standard","meta":{"footnotes":""},"categories":[1],"tags":[],"_links":{"self":[{"href":"https:\/\/santemc.quebec\/icentre\/wp-json\/wp\/v2\/posts\/205902"}],"collection":[{"href":"https:\/\/santemc.quebec\/icentre\/wp-json\/wp\/v2\/posts"}],"about":[{"href":"https:\/\/santemc.quebec\/icentre\/wp-json\/wp\/v2\/types\/post"}],"author":[{"embeddable":true,"href":"https:\/\/santemc.quebec\/icentre\/wp-json\/wp\/v2\/users\/9"}],"replies":[{"embeddable":true,"href":"https:\/\/santemc.quebec\/icentre\/wp-json\/wp\/v2\/comments?post=205902"}],"version-history":[{"count":1,"href":"https:\/\/santemc.quebec\/icentre\/wp-json\/wp\/v2\/posts\/205902\/revisions"}],"predecessor-version":[{"id":205905,"href":"https:\/\/santemc.quebec\/icentre\/wp-json\/wp\/v2\/posts\/205902\/revisions\/205905"}],"wp:attachment":[{"href":"https:\/\/santemc.quebec\/icentre\/wp-json\/wp\/v2\/media?parent=205902"}],"wp:term":[{"taxonomy":"category","embeddable":true,"href":"https:\/\/santemc.quebec\/icentre\/wp-json\/wp\/v2\/categories?post=205902"},{"taxonomy":"post_tag","embeddable":true,"href":"https:\/\/santemc.quebec\/icentre\/wp-json\/wp\/v2\/tags?post=205902"}],"curies":[{"name":"wp","href":"https:\/\/api.w.org\/{rel}","templated":true}]}}