{"id":205917,"date":"2022-05-12T11:53:17","date_gmt":"2022-05-12T15:53:17","guid":{"rendered":"https:\/\/santemc.quebec\/icentre\/?p=205917"},"modified":"2022-05-12T11:53:17","modified_gmt":"2022-05-12T15:53:17","slug":"invitation-au-visionnement-de-la-video-environnements-inclusifs-et-readaptation","status":"publish","type":"post","link":"https:\/\/santemc.quebec\/icentre\/invitation-au-visionnement-de-la-video-environnements-inclusifs-et-readaptation\/","title":{"rendered":"Invitation au visionnement de la vid\u00e9o \u00ab Environnements inclusifs et r\u00e9adaptation \u00bb"},"content":{"rendered":"<p>Dans le cadre de la Journ\u00e9e internationale des mus\u00e9es, notre partenaire, le Centre de recherche interdisciplinaire en r\u00e9adaptation du Montr\u00e9al m\u00e9tropolitain (<a href=\"https:\/\/crir.ca\/nos-nouvelles\/nomination-a-liurdpm-iurdpm-appointment\/\" target=\"_blank\" rel=\"noopener\">CRIR<\/a>), vous invite \u00e0 d\u00e9couvrir l&rsquo;inspiration et les \u00e9tapes futures des recherches collaboratives en mati\u00e8re d\u2019environnements inclusifs et de r\u00e9adaptation, mise en \u00e9vidence dans la s\u00e9rie de vid\u00e9os \u00ab <a href=\"https:\/\/crir.ca\/recherche\/orientations-strategiques-du-crir\/\" target=\"_blank\" rel=\"noopener\">Les visages de la recherche au CRIR<\/a> \u00bb!<\/p>\n<p><!--more--><\/p>\n<p>Participez au visionnement de la vid\u00e9o \u00ab\u00a0<strong>Environnements inclusifs et r\u00e9adaptation<\/strong> \u00bb avec nous et les acteurs de la vid\u00e9o. Vous y entendrez les histoires personnelles d\u2019individus qui inspirent la recherche au CRIR.<\/p>\n<p>La pr\u00e9sentation sera suivie d\u2019un court \u00e9change avec Eva Kehayia et Louise Giroux.<\/p>\n<p style=\"text-align: center;\"><strong>ACTIVIT\u00c9 SUR ZOOM<br \/>\n<\/strong>Mercredi 18 mai 2022 de 12 h 15 \u00e0 12 h 45<\/p>\n<p style=\"text-align: center;\"><strong>Inscription requise<br \/>\n<\/strong><strong><a href=\"https:\/\/us02web.zoom.us\/meeting\/register\/tZckdeugrDIoG9SzWP4xaR7b26Cqk8ZGWP8x\" target=\"_blank\" rel=\"noopener\">Cliquez ici pour vous inscrire<\/a><\/strong><\/p>\n<p>&nbsp;<\/p>\n<table border=\"1\" width=\"100%\" cellspacing=\"1\" cellpadding=\"5\">\n<tbody>\n<tr>\n<td><a href=\"https:\/\/santemc.quebec\/santemc\/icentre\/wp-content\/uploads\/2022\/05\/EKehavia.jpg\"><img decoding=\"async\" loading=\"lazy\" class=\"wp-image-205918 size-thumbnail aligncenter\" src=\"https:\/\/santemc.quebec\/santemc\/icentre\/wp-content\/uploads\/2022\/05\/EKehavia-150x150.jpg\" alt=\"\" width=\"150\" height=\"150\" \/><\/a><\/td>\n<td><a href=\"https:\/\/santemc.quebec\/santemc\/icentre\/wp-content\/uploads\/2022\/05\/LGiroux.jpg\"><img decoding=\"async\" loading=\"lazy\" class=\"wp-image-205919 size-thumbnail alignnone\" src=\"https:\/\/santemc.quebec\/santemc\/icentre\/wp-content\/uploads\/2022\/05\/LGiroux-e1652370676336-150x150.jpg\" alt=\"\" width=\"150\" height=\"150\" \/><\/a><\/td>\n<\/tr>\n<tr>\n<td><strong><a href=\"https:\/\/crir.ca\/chercheurs-et-intervenants\/chercheurs-reguliers\/eva-kehayia-ph-d\/\" target=\"_blank\" rel=\"noopener\">Eva Kehayia<\/a><\/strong><strong>, Ph.D.<br \/>\n<\/strong>Chercheure r\u00e9guli\u00e8re, CRIR\u2013H\u00f4pital juif de r\u00e9adaptation,<br \/>\nCISSS de Laval<br \/>\n<span style=\"font-family: inherit; font-size: inherit;\"><br \/>\nProfesseure agr\u00e9g\u00e9e, \u00c9cole de physioth\u00e9rapie et d&rsquo;ergoth\u00e9rapie, Universit\u00e9 McGill<\/span><\/td>\n<td><strong>Louise Giroux<br \/>\n<\/strong>Responsable des programmes \u00e9ducatifs \u2013 Mieux-\u00eatre<br \/>\nMus\u00e9e des beaux-arts de Montr\u00e9al<\/td>\n<\/tr>\n<\/tbody>\n<\/table>\n","protected":false},"excerpt":{"rendered":"<p>Dans le cadre de la Journ\u00e9e internationale des mus\u00e9es, notre partenaire, le Centre de recherche interdisciplinaire en r\u00e9adaptation du Montr\u00e9al m\u00e9tropolitain (CRIR), vous invite \u00e0 d\u00e9couvrir l&rsquo;inspiration et les \u00e9tapes futures des recherches collaboratives en mati\u00e8re d\u2019environnements inclusifs et de &hellip; <a href=\"https:\/\/santemc.quebec\/icentre\/invitation-au-visionnement-de-la-video-environnements-inclusifs-et-readaptation\/\">Continuer la lecture <span class=\"meta-nav\">&rarr;<\/span><\/a><\/p>\n","protected":false},"author":9,"featured_media":0,"comment_status":"open","ping_status":"closed","sticky":false,"template":"","format":"standard","meta":{"footnotes":""},"categories":[1],"tags":[],"_links":{"self":[{"href":"https:\/\/santemc.quebec\/icentre\/wp-json\/wp\/v2\/posts\/205917"}],"collection":[{"href":"https:\/\/santemc.quebec\/icentre\/wp-json\/wp\/v2\/posts"}],"about":[{"href":"https:\/\/santemc.quebec\/icentre\/wp-json\/wp\/v2\/types\/post"}],"author":[{"embeddable":true,"href":"https:\/\/santemc.quebec\/icentre\/wp-json\/wp\/v2\/users\/9"}],"replies":[{"embeddable":true,"href":"https:\/\/santemc.quebec\/icentre\/wp-json\/wp\/v2\/comments?post=205917"}],"version-history":[{"count":1,"href":"https:\/\/santemc.quebec\/icentre\/wp-json\/wp\/v2\/posts\/205917\/revisions"}],"predecessor-version":[{"id":205920,"href":"https:\/\/santemc.quebec\/icentre\/wp-json\/wp\/v2\/posts\/205917\/revisions\/205920"}],"wp:attachment":[{"href":"https:\/\/santemc.quebec\/icentre\/wp-json\/wp\/v2\/media?parent=205917"}],"wp:term":[{"taxonomy":"category","embeddable":true,"href":"https:\/\/santemc.quebec\/icentre\/wp-json\/wp\/v2\/categories?post=205917"},{"taxonomy":"post_tag","embeddable":true,"href":"https:\/\/santemc.quebec\/icentre\/wp-json\/wp\/v2\/tags?post=205917"}],"curies":[{"name":"wp","href":"https:\/\/api.w.org\/{rel}","templated":true}]}}