{"id":205947,"date":"2022-05-16T08:24:13","date_gmt":"2022-05-16T12:24:13","guid":{"rendered":"https:\/\/santemc.quebec\/icentre\/?p=205947"},"modified":"2022-05-16T08:24:13","modified_gmt":"2022-05-16T12:24:13","slug":"mai-mois-de-la-sante-visuelle-linstitut-nazareth-et-louis-braille-inlb-partenaire-de-nos-collectivites","status":"publish","type":"post","link":"https:\/\/santemc.quebec\/icentre\/mai-mois-de-la-sante-visuelle-linstitut-nazareth-et-louis-braille-inlb-partenaire-de-nos-collectivites\/","title":{"rendered":"Mai, mois de la sant\u00e9 visuelle! L\u2019Institut Nazareth et Louis-Braille (INLB) : partenaire de nos collectivit\u00e9s!"},"content":{"rendered":"<p><a href=\"https:\/\/santemc.quebec\/santemc\/icentre\/wp-content\/uploads\/2022\/05\/INLB_MAI-Mois-sante-visuelle.png\"><img decoding=\"async\" loading=\"lazy\" class=\"size-medium wp-image-205948 alignleft\" src=\"https:\/\/santemc.quebec\/santemc\/icentre\/wp-content\/uploads\/2022\/05\/INLB_MAI-Mois-sante-visuelle-300x251.png\" alt=\"\" width=\"300\" height=\"251\" srcset=\"https:\/\/santemc.quebec\/santemc\/icentre\/wp-content\/uploads\/2022\/05\/INLB_MAI-Mois-sante-visuelle-300x251.png 300w, https:\/\/santemc.quebec\/santemc\/icentre\/wp-content\/uploads\/2022\/05\/INLB_MAI-Mois-sante-visuelle-768x644.png 768w, https:\/\/santemc.quebec\/santemc\/icentre\/wp-content\/uploads\/2022\/05\/INLB_MAI-Mois-sante-visuelle-358x300.png 358w, https:\/\/santemc.quebec\/santemc\/icentre\/wp-content\/uploads\/2022\/05\/INLB_MAI-Mois-sante-visuelle.png 940w\" sizes=\"(max-width: 300px) 100vw, 300px\" \/><\/a>Ces derni\u00e8res ann\u00e9es, l\u2019accessibilit\u00e9 universelle repr\u00e9sente un d\u00e9fi de taille pour nos organisations. L\u2019am\u00e9nagement urbain, les b\u00e2timents publics et le transport collectif sont d\u00e9sormais con\u00e7us pour \u00eatre plus inclusifs afin de r\u00e9pondre aux besoins des individus vivant avec des limitations fonctionnelles, qu\u2019elles soient permanentes, temporaires ou \u00e9pisodiques.<\/p>\n<p>Dans ce contexte, l\u2019Institut Nazareth et Louis-Braille (INLB) est fr\u00e9quemment mis \u00e0 contribution lors de l\u2019\u00e9laboration de grands projets.<\/p>\n<p><!--more--><\/p>\n<p>Les professionnels de l\u2019INLB conseillent nos collectivit\u00e9s afin de faciliter l\u2019int\u00e9gration des personnes vivant avec des limitations visuelles. Leur travail consiste \u00e0 diminuer les obstacles li\u00e9s entre autres \u00e0 la mobilit\u00e9.<\/p>\n<p>Devant une hausse marqu\u00e9e des demandes d\u2019accompagnement pour l\u2019am\u00e9nagement de lieux accessibles aux personnes pr\u00e9sentant des d\u00e9ficiences physiques et sensorielles, l\u2019INLB et l\u2019Institut de r\u00e9adaptation en d\u00e9ficience physique de Qu\u00e9bec (IRDPQ) ont d\u00e9cid\u00e9 de s\u2019unir afin d\u2019amorcer une r\u00e9flexion commune. L\u2019objectif est de documenter les projets en cours afin d\u2019en d\u00e9gager les tendances et de proc\u00e9der \u00e0 des recommandations afin de standardiser certaines approches.<\/p>\n<p><strong>Les services d\u2019adaptation de l\u2019information en m\u00e9dias substituts (AIMS) de l\u2019INLB<br \/>\n<\/strong>Or, la notion d\u2019accessibilit\u00e9 universelle ne se r\u00e9sume pas aux infrastructures, l\u2019intelligibilit\u00e9 de la documentation s\u2019ajoute aux initiatives \u00e0 d\u00e9velopper. En ce sens, l\u2019INLB offre des services d\u2019adaptation de l\u2019information en m\u00e9dias substituts (AIMS).L\u2019Institut est dot\u00e9 de plusieurs \u00e9quipements \u00e0 la fine pointe de la technologie qui permettent d\u2019accro\u00eetre l\u2019accessibilit\u00e9 de diff\u00e9rents outils de communication, dont une imprimante de mod\u00e9lisation tridimensionnelle.Des services de transcription en \u00e9criture braille et de recommandations en signal\u00e9tique concernant l\u2019affichage dans les lieux publics sont aussi disponibles.Une \u00e9quipe chevronn\u00e9e, dont certains membres vivent avec une d\u00e9ficience visuelle, accompagne les organisations soucieuses de surpasser les standards en mati\u00e8re d\u2019accessibilit\u00e9. Ces experts-conseils s&rsquo;inspirent de leurs exp\u00e9riences personnelles pour apporter une dimension humaine \u00e0 leur champ d\u2019expertise.<\/p>\n<p>Plus que jamais, l\u2019inclusion et la participation sociale des personnes sont des responsabilit\u00e9s partag\u00e9es. Qu&rsquo;elles soient r\u00e9alis\u00e9es aupr\u00e8s des usagers ou des collectivit\u00e9s, les interventions des \u00e9quipes professionnelles de l\u2019INLB contribuent largement \u00e0 l\u2019am\u00e9lioration de la qualit\u00e9 de vie de la population.<\/p>\n<p>Pour conna\u00eetre les services offerts par l\u2019INLB, visitez le site Web\u00a0:<br \/>\n<a href=\"https:\/\/www.santemonteregie.qc.ca\/centre\/institut-nazareth-et-louis-braille-accueil\" target=\"_blank\" rel=\"noopener\">https:\/\/www.santemonteregie.qc.ca\/centre\/institut-nazareth-et-louis-braille-accueil<\/a><\/p>\n<div style=\"background-color: #33fff3; padding: 10px;\"><strong>SAVIEZ-VOUS QUE\u2026<\/strong><br \/>\nLa contribution de l\u2019INLB a \u00e9t\u00e9 sollicit\u00e9e pour le projet du R\u00e9seau express m\u00e9tropolitain (REM) de l\u2019ouest.<\/div>\n","protected":false},"excerpt":{"rendered":"<p>Ces derni\u00e8res ann\u00e9es, l\u2019accessibilit\u00e9 universelle repr\u00e9sente un d\u00e9fi de taille pour nos organisations. L\u2019am\u00e9nagement urbain, les b\u00e2timents publics et le transport collectif sont d\u00e9sormais con\u00e7us pour \u00eatre plus inclusifs afin de r\u00e9pondre aux besoins des individus vivant avec des limitations &hellip; <a href=\"https:\/\/santemc.quebec\/icentre\/mai-mois-de-la-sante-visuelle-linstitut-nazareth-et-louis-braille-inlb-partenaire-de-nos-collectivites\/\">Continuer la lecture <span class=\"meta-nav\">&rarr;<\/span><\/a><\/p>\n","protected":false},"author":9,"featured_media":0,"comment_status":"open","ping_status":"closed","sticky":false,"template":"","format":"standard","meta":{"footnotes":""},"categories":[1],"tags":[],"_links":{"self":[{"href":"https:\/\/santemc.quebec\/icentre\/wp-json\/wp\/v2\/posts\/205947"}],"collection":[{"href":"https:\/\/santemc.quebec\/icentre\/wp-json\/wp\/v2\/posts"}],"about":[{"href":"https:\/\/santemc.quebec\/icentre\/wp-json\/wp\/v2\/types\/post"}],"author":[{"embeddable":true,"href":"https:\/\/santemc.quebec\/icentre\/wp-json\/wp\/v2\/users\/9"}],"replies":[{"embeddable":true,"href":"https:\/\/santemc.quebec\/icentre\/wp-json\/wp\/v2\/comments?post=205947"}],"version-history":[{"count":1,"href":"https:\/\/santemc.quebec\/icentre\/wp-json\/wp\/v2\/posts\/205947\/revisions"}],"predecessor-version":[{"id":205949,"href":"https:\/\/santemc.quebec\/icentre\/wp-json\/wp\/v2\/posts\/205947\/revisions\/205949"}],"wp:attachment":[{"href":"https:\/\/santemc.quebec\/icentre\/wp-json\/wp\/v2\/media?parent=205947"}],"wp:term":[{"taxonomy":"category","embeddable":true,"href":"https:\/\/santemc.quebec\/icentre\/wp-json\/wp\/v2\/categories?post=205947"},{"taxonomy":"post_tag","embeddable":true,"href":"https:\/\/santemc.quebec\/icentre\/wp-json\/wp\/v2\/tags?post=205947"}],"curies":[{"name":"wp","href":"https:\/\/api.w.org\/{rel}","templated":true}]}}