{"id":205965,"date":"2022-05-16T14:42:21","date_gmt":"2022-05-16T18:42:21","guid":{"rendered":"https:\/\/santemc.quebec\/icentre\/?p=205965"},"modified":"2022-05-16T14:42:21","modified_gmt":"2022-05-16T18:42:21","slug":"covid-19-mise-a-jour-de-la-foire-aux-questions-40","status":"publish","type":"post","link":"https:\/\/santemc.quebec\/icentre\/covid-19-mise-a-jour-de-la-foire-aux-questions-40\/","title":{"rendered":"COVID-19: Mise \u00e0 jour de la Foire aux questions"},"content":{"rendered":"<p>Des sp\u00e9cifications quant aux mesures actuelles ont \u00e9t\u00e9 mises \u00e0 jour.<\/p>\n<p><a href=\"https:\/\/santemc.quebec\/icentre\/?page_id=185406\" target=\"_blank\" rel=\"noopener\">Lire la Foire aux questions des employ\u00e9s<\/a><\/p>\n","protected":false},"excerpt":{"rendered":"<p>Des sp\u00e9cifications quant aux mesures actuelles ont \u00e9t\u00e9 mises \u00e0 jour. Lire la Foire aux questions des employ\u00e9s<\/p>\n","protected":false},"author":33,"featured_media":0,"comment_status":"open","ping_status":"closed","sticky":false,"template":"","format":"standard","meta":{"footnotes":""},"categories":[1],"tags":[],"_links":{"self":[{"href":"https:\/\/santemc.quebec\/icentre\/wp-json\/wp\/v2\/posts\/205965"}],"collection":[{"href":"https:\/\/santemc.quebec\/icentre\/wp-json\/wp\/v2\/posts"}],"about":[{"href":"https:\/\/santemc.quebec\/icentre\/wp-json\/wp\/v2\/types\/post"}],"author":[{"embeddable":true,"href":"https:\/\/santemc.quebec\/icentre\/wp-json\/wp\/v2\/users\/33"}],"replies":[{"embeddable":true,"href":"https:\/\/santemc.quebec\/icentre\/wp-json\/wp\/v2\/comments?post=205965"}],"version-history":[{"count":1,"href":"https:\/\/santemc.quebec\/icentre\/wp-json\/wp\/v2\/posts\/205965\/revisions"}],"predecessor-version":[{"id":205966,"href":"https:\/\/santemc.quebec\/icentre\/wp-json\/wp\/v2\/posts\/205965\/revisions\/205966"}],"wp:attachment":[{"href":"https:\/\/santemc.quebec\/icentre\/wp-json\/wp\/v2\/media?parent=205965"}],"wp:term":[{"taxonomy":"category","embeddable":true,"href":"https:\/\/santemc.quebec\/icentre\/wp-json\/wp\/v2\/categories?post=205965"},{"taxonomy":"post_tag","embeddable":true,"href":"https:\/\/santemc.quebec\/icentre\/wp-json\/wp\/v2\/tags?post=205965"}],"curies":[{"name":"wp","href":"https:\/\/api.w.org\/{rel}","templated":true}]}}