{"id":205972,"date":"2022-05-17T15:33:23","date_gmt":"2022-05-17T19:33:23","guid":{"rendered":"https:\/\/santemc.quebec\/icentre\/?p=205972"},"modified":"2022-05-17T15:38:14","modified_gmt":"2022-05-17T19:38:14","slug":"journee-internationale-de-lutte-contre-lhomophobie-et-la-transphobie","status":"publish","type":"post","link":"https:\/\/santemc.quebec\/icentre\/journee-internationale-de-lutte-contre-lhomophobie-et-la-transphobie\/","title":{"rendered":"Journ\u00e9e internationale de lutte contre l\u2019homophobie et la transphobie"},"content":{"rendered":"<p><a href=\"https:\/\/santemc.quebec\/santemc\/icentre\/wp-content\/uploads\/2022\/05\/Banniere-web-2022.png\"><img decoding=\"async\" loading=\"lazy\" class=\"aligncenter wp-image-205973 size-full\" src=\"https:\/\/santemc.quebec\/santemc\/icentre\/wp-content\/uploads\/2022\/05\/Banniere-web-2022.png\" alt=\"\" width=\"970\" height=\"250\" srcset=\"https:\/\/santemc.quebec\/santemc\/icentre\/wp-content\/uploads\/2022\/05\/Banniere-web-2022.png 970w, https:\/\/santemc.quebec\/santemc\/icentre\/wp-content\/uploads\/2022\/05\/Banniere-web-2022-300x77.png 300w, https:\/\/santemc.quebec\/santemc\/icentre\/wp-content\/uploads\/2022\/05\/Banniere-web-2022-768x198.png 768w, https:\/\/santemc.quebec\/santemc\/icentre\/wp-content\/uploads\/2022\/05\/Banniere-web-2022-500x129.png 500w\" sizes=\"(max-width: 970px) 100vw, 970px\" \/><\/a><\/p>\n<p>En ce 17 mai, Journ\u00e9e internationale de lutte contre l\u2019homophobie et la transphobie, nous vous invitons \u00e0 prendre un moment pour visionner la capsule vid\u00e9o de la campagne de sensibilisation cette ann\u00e9e\u00a0: <a href=\"https:\/\/montre54secondes.com\/\" target=\"_blank\" rel=\"noopener\">https:\/\/montre54secondes.com\/<\/a><\/p>\n<p>Partout dans le monde, et aussi ici au Qu\u00e9bec en 2022, une personne est victime d\u2019intol\u00e9rance fond\u00e9e sur l\u2019orientation sexuelle ou l\u2019identit\u00e9 de genre \u00e0 toutes les secondes. Que ce soit par des pr\u00e9jug\u00e9s, des moqueries, des insinuations, un manque de respect, de l\u2019intimidation ou par toutes formes de violence physique, verbale ou psychologique, cette intol\u00e9rance a des impacts importants sur la sant\u00e9 et le bien-\u00eatre de chacun de nous, comme victime, comme auteur ou comme t\u00e9moin.\u00a0Elle r\u00e9duit l\u2019esp\u00e9rance et la qualit\u00e9 de vie des personnes LGBTQ+.<\/p>\n<p><!--more--><\/p>\n<p>Lutter contre l\u2019homophobie ou la transphobie, c\u2019est bien plus que de d\u00e9noncer les actes de discrimination, c\u2019est de favoriser l\u2019inclusion des personnes issues de la diversit\u00e9 sexuelle et de genre dans nos pratiques administratives, cliniques et \u00e9ducatives. Pour que chacun de nous, jeune ou \u00e2g\u00e9, peu importe son orientation sexuelle ou son identit\u00e9 de genre, ait une place \u00e9gale dans notre soci\u00e9t\u00e9 et puisse b\u00e9n\u00e9ficier de services inclusifs qui r\u00e9pondent aux besoins.<\/p>\n<p>Pour faire la promotion de la Journ\u00e9e internationale de lutte contre l\u2019homophobie et la transphobie, vous pouvez retrouver du mat\u00e9riel sur le site Web de la fondation \u00c9mergence : <a href=\"https:\/\/telecharger.fondationemergence.org\/?lang=fr\" target=\"_blank\" rel=\"noopener\">https:\/\/telecharger.fondationemergence.org\/?lang=fr<\/a><\/p>\n<p>Pour d\u00e9velopper des pratiques plus inclusives de la diversit\u00e9 sexuelle et de genre\u00a0:<\/p>\n<ul>\n<li>L\u2019INSPQ a r\u00e9cemment mis \u00e0 jour sa formation <a href=\"https:\/\/www.inspq.qc.ca\/formation\/institut\/formation-sexes-genres-orientations-sexuelles-comprendre-diversite#:~:text=Cette%20formation%20comporte%202%20volets,est%20disponible%20pour%20tous%C2%B7tes.\" target=\"_blank\" rel=\"noopener\">Sexes, genres et orientation sexuelle\u00a0: comprendre la diversit\u00e9<\/a>. Leur nouvelle formule gratuite est offerte en virtuel et s\u2019adapte aux r\u00e9alit\u00e9s des \u00e9quipes qui la re\u00e7oivent.<\/li>\n<li>En Mont\u00e9r\u00e9gie, <a href=\"https:\/\/lejag.org\/nos-services\/#ateliers-et-formations\" target=\"_blank\" rel=\"noopener\">l\u2019organisme Le JAG<\/a> offre des ateliers et des formations aux professionnels ainsi que d\u2019autre services de sensibilisation, de soutien et de r\u00e9f\u00e9rencement dans la r\u00e9gion.<\/li>\n<\/ul>\n<p>Pour en apprendre plus sur le sujet ou trouver des ressources d\u2019aide, vous pouvez visiter les sites Web suivants :<\/p>\n<ul>\n<li>Page Web du gouvernement du Qu\u00e9bec :<a href=\"https:\/\/www.quebec.ca\/famille-et-soutien-aux-personnes\/violences\/homophobie-transphobie\" target=\"_blank\" rel=\"noopener\">https:\/\/www.quebec.ca\/famille-et-soutien-aux-personnes\/violences\/homophobie-transphobie<\/a><\/li>\n<li>Fondation \u00c9mergence\u00a0: <a href=\"https:\/\/www.fondationemergence.org\/\" target=\"_blank\" rel=\"noopener\">https:\/\/www.fondationemergence.org\/<\/a><\/li>\n<li>La Coalition des familles LGBT\u00a0: <a href=\"https:\/\/familleslgbt.org\/\" target=\"_blank\" rel=\"noopener\">https:\/\/familleslgbt.org\/<\/a><\/li>\n<li>Interligne\u00a0: <a href=\"https:\/\/interligne.co\/\" target=\"_blank\" rel=\"noopener\">https:\/\/interligne.co\/<\/a><\/li>\n<li>Aide Trans Qu\u00e9bec\u00a0: <a href=\"https:\/\/atq1980.org\/ensemble-contre-lintimidation\/\" target=\"_blank\" rel=\"noopener\">https:\/\/atq1980.org\/ensemble-contre-lintimidation\/<\/a><\/li>\n<\/ul>\n<p>Jeunes identit\u00e9s cr\u00e9atives\u00a0: <a href=\"https:\/\/jeunesidentitescreatives.com\/\" target=\"_blank\" rel=\"noopener\">https:\/\/jeunesidentitescreatives.com\/<\/a><\/p>\n","protected":false},"excerpt":{"rendered":"<p>En ce 17 mai, Journ\u00e9e internationale de lutte contre l\u2019homophobie et la transphobie, nous vous invitons \u00e0 prendre un moment pour visionner la capsule vid\u00e9o de la campagne de sensibilisation cette ann\u00e9e\u00a0: https:\/\/montre54secondes.com\/ Partout dans le monde, et aussi ici &hellip; <a href=\"https:\/\/santemc.quebec\/icentre\/journee-internationale-de-lutte-contre-lhomophobie-et-la-transphobie\/\">Continuer la lecture <span class=\"meta-nav\">&rarr;<\/span><\/a><\/p>\n","protected":false},"author":9,"featured_media":0,"comment_status":"open","ping_status":"closed","sticky":false,"template":"","format":"standard","meta":{"footnotes":""},"categories":[1],"tags":[],"_links":{"self":[{"href":"https:\/\/santemc.quebec\/icentre\/wp-json\/wp\/v2\/posts\/205972"}],"collection":[{"href":"https:\/\/santemc.quebec\/icentre\/wp-json\/wp\/v2\/posts"}],"about":[{"href":"https:\/\/santemc.quebec\/icentre\/wp-json\/wp\/v2\/types\/post"}],"author":[{"embeddable":true,"href":"https:\/\/santemc.quebec\/icentre\/wp-json\/wp\/v2\/users\/9"}],"replies":[{"embeddable":true,"href":"https:\/\/santemc.quebec\/icentre\/wp-json\/wp\/v2\/comments?post=205972"}],"version-history":[{"count":3,"href":"https:\/\/santemc.quebec\/icentre\/wp-json\/wp\/v2\/posts\/205972\/revisions"}],"predecessor-version":[{"id":205976,"href":"https:\/\/santemc.quebec\/icentre\/wp-json\/wp\/v2\/posts\/205972\/revisions\/205976"}],"wp:attachment":[{"href":"https:\/\/santemc.quebec\/icentre\/wp-json\/wp\/v2\/media?parent=205972"}],"wp:term":[{"taxonomy":"category","embeddable":true,"href":"https:\/\/santemc.quebec\/icentre\/wp-json\/wp\/v2\/categories?post=205972"},{"taxonomy":"post_tag","embeddable":true,"href":"https:\/\/santemc.quebec\/icentre\/wp-json\/wp\/v2\/tags?post=205972"}],"curies":[{"name":"wp","href":"https:\/\/api.w.org\/{rel}","templated":true}]}}