{"id":205977,"date":"2022-05-17T15:43:49","date_gmt":"2022-05-17T19:43:49","guid":{"rendered":"https:\/\/santemc.quebec\/icentre\/?p=205977"},"modified":"2022-05-17T16:06:31","modified_gmt":"2022-05-17T20:06:31","slug":"sengager-pour-nos-enfants-le-rapport-de-la-commission-laurent-a-un-an","status":"publish","type":"post","link":"https:\/\/santemc.quebec\/icentre\/sengager-pour-nos-enfants-le-rapport-de-la-commission-laurent-a-un-an\/","title":{"rendered":"S\u2019engager pour nos enfants\u2026 Le rapport de la commission Laurent a un an"},"content":{"rendered":"<p><a href=\"https:\/\/santemc.quebec\/santemc\/icentre\/wp-content\/uploads\/2022\/05\/sengager-pour-nos-enfants-1.png\"><img decoding=\"async\" loading=\"lazy\" class=\"size-medium wp-image-205979 alignleft\" src=\"https:\/\/santemc.quebec\/santemc\/icentre\/wp-content\/uploads\/2022\/05\/sengager-pour-nos-enfants-1-300x228.png\" alt=\"\" width=\"300\" height=\"228\" srcset=\"https:\/\/santemc.quebec\/santemc\/icentre\/wp-content\/uploads\/2022\/05\/sengager-pour-nos-enfants-1-300x228.png 300w, https:\/\/santemc.quebec\/santemc\/icentre\/wp-content\/uploads\/2022\/05\/sengager-pour-nos-enfants-1-1024x777.png 1024w, https:\/\/santemc.quebec\/santemc\/icentre\/wp-content\/uploads\/2022\/05\/sengager-pour-nos-enfants-1-768x582.png 768w, https:\/\/santemc.quebec\/santemc\/icentre\/wp-content\/uploads\/2022\/05\/sengager-pour-nos-enfants-1-396x300.png 396w, https:\/\/santemc.quebec\/santemc\/icentre\/wp-content\/uploads\/2022\/05\/sengager-pour-nos-enfants-1.png 1250w\" sizes=\"(max-width: 300px) 100vw, 300px\" \/><\/a>Il y a un an \u00e9tait d\u00e9pos\u00e9 le rapport de la Commission sp\u00e9ciale sur les droits des enfants et la protection de la jeunesse (commission Laurent) apr\u00e8s deux ann\u00e9es de travail qui ont donn\u00e9 lieu \u00e0 65 recommandations qui se sont d\u00e9clin\u00e9es en pr\u00e8s de 250 actions, selon 15 chapitres th\u00e9matiques.<\/p>\n<p><!--more--><\/p>\n<blockquote><p>\u00ab Un an d\u00e9j\u00e0! Les premi\u00e8res pierres qui constitueront les bases de cette grande transformation sont maintenant en place, dont notamment l\u2019adoption r\u00e9cente de la loi sur la protection de la jeunesse r\u00e9vis\u00e9e. Les prochains mois et ann\u00e9es viseront \u00e0 qualifier les services offerts aux jeunes et aux familles, permettant ainsi de nous donner les moyens n\u00e9cessaires \u00e0 l\u2019atteinte de nos objectifs \u00a0et surtout de nos aspirations pour les enfants. \u00bb, confie Marie-Jos\u00e9e Audette, directrice de la protection de la jeunesse de la Mont\u00e9r\u00e9gie.<\/p><\/blockquote>\n<p>Voici un rappel de quelques actions et \u00e9v\u00e9nements qui ont marqu\u00e9 cette derni\u00e8re ann\u00e9e :<\/p>\n<ul>\n<li>D\u00e9p\u00f4t du projet de loi r\u00e9formant la\u00a0<em>Loi sur la protection de la jeunesse<\/em>\u00a0en d\u00e9cembre 2021 et pr\u00e9sentation des<a href=\"http:\/\/letourdelest.ca\/etapes-de-mise-en-oeuvre-des-recommandations-de-la-commission-laurent\/\" target=\"_blank\" rel=\"noopener\">\u00a0\u00e9tapes de mise en \u0153uvre des recommandations de la commission Laurent<\/a>\u00a0qui se d\u00e9clinent en cinq axes et qui seront progressivement d\u00e9ploy\u00e9s sur trois phases.<\/li>\n<li><a href=\"http:\/\/letourdelest.ca\/le-projet-de-loi-15-passe-a-la-loupe\/\" target=\"_blank\" rel=\"noopener\">Lancement des consultations particuli\u00e8res et auditions publiques sur le projet de loi n\u00b0 15<\/a>, modifiant la Loi sur la protection de la jeunesse en f\u00e9vrier.<\/li>\n<li>Lancement du\u00a0<a href=\"http:\/\/letourdelest.ca\/lancement-du-service-ma-grossesse\/\" target=\"_blank\" rel=\"noopener\">service Ma grossesse<\/a> qui a pour objectif de permettre d\u2019identifier rapidement les besoins des femmes enceintes afin de leur offrir les services dont elles ont besoin.<\/li>\n<li>Adoption du projet de loi n\u00b0 15 en avril. Les modifications apport\u00e9es visent entre autres \u00e0\u00a0<a href=\"http:\/\/letourdelest.ca\/adoption-du-projet-de-loi-n-15-soutenir-la-transition-vers-la-vie-adulte\/\" target=\"_blank\" rel=\"noopener\">soutenir la transition vers la vie adulte des jeunes dont la situation est prise en charge par la DPJ<\/a>.<\/li>\n<\/ul>\n<p>Lisez\u00a0<a href=\"https:\/\/www.quebec.ca\/nouvelles\/actualites\/details\/sengager-pour-nos-enfants-le-ministre-carmant-dresse-le-bilan-des-actions-mises-en-place-au-cours-de-la-derniere-annee-en-protection-de-la-jeunesse-40042\" target=\"_blank\" rel=\"noopener\">le communiqu\u00e9 diffus\u00e9 par le MSSS<\/a>\u00a0pour en savoir plus.<\/p>\n","protected":false},"excerpt":{"rendered":"<p>Il y a un an \u00e9tait d\u00e9pos\u00e9 le rapport de la Commission sp\u00e9ciale sur les droits des enfants et la protection de la jeunesse (commission Laurent) apr\u00e8s deux ann\u00e9es de travail qui ont donn\u00e9 lieu \u00e0 65 recommandations qui se &hellip; <a href=\"https:\/\/santemc.quebec\/icentre\/sengager-pour-nos-enfants-le-rapport-de-la-commission-laurent-a-un-an\/\">Continuer la lecture <span class=\"meta-nav\">&rarr;<\/span><\/a><\/p>\n","protected":false},"author":9,"featured_media":0,"comment_status":"open","ping_status":"closed","sticky":false,"template":"","format":"standard","meta":{"footnotes":""},"categories":[1],"tags":[],"_links":{"self":[{"href":"https:\/\/santemc.quebec\/icentre\/wp-json\/wp\/v2\/posts\/205977"}],"collection":[{"href":"https:\/\/santemc.quebec\/icentre\/wp-json\/wp\/v2\/posts"}],"about":[{"href":"https:\/\/santemc.quebec\/icentre\/wp-json\/wp\/v2\/types\/post"}],"author":[{"embeddable":true,"href":"https:\/\/santemc.quebec\/icentre\/wp-json\/wp\/v2\/users\/9"}],"replies":[{"embeddable":true,"href":"https:\/\/santemc.quebec\/icentre\/wp-json\/wp\/v2\/comments?post=205977"}],"version-history":[{"count":2,"href":"https:\/\/santemc.quebec\/icentre\/wp-json\/wp\/v2\/posts\/205977\/revisions"}],"predecessor-version":[{"id":205981,"href":"https:\/\/santemc.quebec\/icentre\/wp-json\/wp\/v2\/posts\/205977\/revisions\/205981"}],"wp:attachment":[{"href":"https:\/\/santemc.quebec\/icentre\/wp-json\/wp\/v2\/media?parent=205977"}],"wp:term":[{"taxonomy":"category","embeddable":true,"href":"https:\/\/santemc.quebec\/icentre\/wp-json\/wp\/v2\/categories?post=205977"},{"taxonomy":"post_tag","embeddable":true,"href":"https:\/\/santemc.quebec\/icentre\/wp-json\/wp\/v2\/tags?post=205977"}],"curies":[{"name":"wp","href":"https:\/\/api.w.org\/{rel}","templated":true}]}}