{"id":205982,"date":"2022-05-20T15:52:51","date_gmt":"2022-05-20T19:52:51","guid":{"rendered":"https:\/\/santemc.quebec\/icentre\/?p=205982"},"modified":"2022-05-20T16:20:13","modified_gmt":"2022-05-20T20:20:13","slug":"intranet-du-cisssmc-une-nouvelle-infolettre-i-centre-a-venir-le-25-mai","status":"publish","type":"post","link":"https:\/\/santemc.quebec\/icentre\/intranet-du-cisssmc-une-nouvelle-infolettre-i-centre-a-venir-le-25-mai\/","title":{"rendered":"Intranet du CISSSMC : Une nouvelle infolettre i-Centre \u00e0 venir le 25 mai!"},"content":{"rendered":"<p><img decoding=\"async\" loading=\"lazy\" class=\"alignleft size-medium wp-image-205983\" src=\"https:\/\/santemc.quebec\/santemc\/icentre\/wp-content\/uploads\/2022\/05\/intrnaet-300x192.png\" alt=\"\" width=\"300\" height=\"192\" srcset=\"https:\/\/santemc.quebec\/santemc\/icentre\/wp-content\/uploads\/2022\/05\/intrnaet-300x192.png 300w, https:\/\/santemc.quebec\/santemc\/icentre\/wp-content\/uploads\/2022\/05\/intrnaet.png 445w\" sizes=\"(max-width: 300px) 100vw, 300px\" \/><\/p>\n<p>Depuis 1 an, tous les employ\u00e9s et m\u00e9decins du CISSS de la Mont\u00e9r\u00e9gie-Centre ont acc\u00e8s \u00e0 la plateforme intranet disponible au <a href=\"https:\/\/intranetcisssmc.ca\/\">https:\/\/intranetcisssmc.ca<\/a>. Vous \u00eates d&rsquo;ailleurs de plus en plus nombreux \u00e0 l&rsquo;utiliser! Quotidiennement, c&rsquo;est plus de 2 000 pages qui sont consult\u00e9es par le personnel et les m\u00e9decins.<\/p>\n<p>Nous poursuivons donc le d\u00e9ploiement de l&rsquo;intranet dans le CISSS afin d&rsquo;am\u00e9liorer les fa\u00e7ons de communiquer avec les employ\u00e9s et les m\u00e9decins.<!--more--><\/p>\n<p><strong>Nouvelle infolettre i-Centre<br \/>\n<\/strong>\u00c0 compter du 25 mai, vous recevrez dans votre bo\u00eete courriel une nouvelle version de l&rsquo;infolettre i-Centre qui sera compl\u00e9mentaire au site intranet. En effet, en plus des actualit\u00e9s que vous retrouvez habituellement dans le i-Centre, vous pourrez d\u00e9sormais y consulter les notes de services diffus\u00e9es dans la journ\u00e9e. Chaque nouvelle et chaque note de service seront accompagn\u00e9es d&rsquo;un lien qui vous m\u00e8nera vers l&rsquo;intranet.<\/p>\n<p><strong>Nouvelle infolettre = moins de courriels!<br \/>\n<\/strong>Bonne nouvelle! L&rsquo;arriv\u00e9e de la nouvelle infolettre veut aussi dire la fin de l&rsquo;envoi de la majorit\u00e9 des notes de services par courriel. En effet, toujours \u00e0 compter du 25 mai, au lieu de recevoir les notes dans votre bo\u00eete courriel, vous pourrez plut\u00f4t les consulter en tout temps sur intranet, ou encore dans votre i-Centre en fin de journ\u00e9e. Donc, moins de courriel pour vous!<\/p>\n<p><strong>Avez-vous vos acc\u00e8s?<br \/>\n<\/strong>Nous vous rappelons que pour vous brancher au site intranet et pour b\u00e9n\u00e9ficier de tous les avantages personnalis\u00e9s qu\u2019il offre, vous aurez besoin de votre compte unifi\u00e9 : nom d\u2019utilisateur et mot de passe. Nous vous invitons d\u00e8s maintenant \u00e0 retracer vos acc\u00e8s dans votre bo\u00eete courriel, dans vos documents personnels, ou en vous rendant sur la page d\u2019accueil de <a href=\"https:\/\/cisssmcvirtuo.rtss.qc.ca\/GuichetWeb\/\">Virtuo (Web-paie)<\/a>. L\u2019information pour r\u00e9cup\u00e9rer vos acc\u00e8s s\u2019y trouve. Nous mettons \u00e9galement \u00e0 votre disposition un compte visiteur temporaire qui vous permettra d\u2019acc\u00e9der au site :<\/p>\n<ul>\n<li>Nom d\u2019utilisateur : visiteur<\/li>\n<li>Mot de passe : visiteur2021<\/li>\n<\/ul>\n<p>N&rsquo;h\u00e9sitez pas \u00e0 nous \u00e9crire si vous avez des commentaires et des suggestions sur l\u2019intranet. <a href=\"mailto:intranet.cisssmc16@ssss.gouv.qc.ca\">intranet.cisssmc16@ssss.gouv.qc.ca<\/a>.<\/p>\n<p>Vous pouvez \u00e9galement consulter notre document <a href=\"https:\/\/msss365.sharepoint.com\/:w:\/t\/Communicationsrelationsaveclesmdiasetprojetsspciaux\/ERLVaG8hstZEuKHH85nc5gABz8WWnuNvuSmB0f6OAMlzYA\">Question\/R\u00e9ponse<\/a> pour en savoir plus sur l\u2019intranet.<\/p>\n<p><strong>Intranet sur votre t\u00e9l\u00e9phone intelligent<br \/>\n<\/strong>Le site intranet est accessible de partout, donc aussi disponible sur votre t\u00e9l\u00e9phone intelligent. N&rsquo;h\u00e9sitez pas \u00e0 cr\u00e9er un raccourci sur votre \u00e9cran d&rsquo;accueil pour y acc\u00e9der plus rapidement.<\/p>\n<p><strong>Comment cr\u00e9er un raccourci vers intranet (tuile ou pastille) sur mon t\u00e9l\u00e9phone intelligent?<br \/>\n<\/strong><em>Attention, la proc\u00e9dure peut diff\u00e9rer selon le mod\u00e8le de votre t\u00e9l\u00e9phone ou votre version de syst\u00e8me d\u2019exploitation.<\/em><\/p>\n<p>Pour cr\u00e9er un raccourci sur votre <strong>iPhone<\/strong> :<\/p>\n<ol>\n<li>Ouvrez l&rsquo;application Safari.<\/li>\n<li>Tapez dans la barre d&rsquo;adresse du haut : intranetcisssmc.ca<br \/>\net cliquez sur Acc\u00e9der.<\/li>\n<li>Touchez l&rsquo;ic\u00f4ne Partage.<\/li>\n<\/ol>\n<p><img decoding=\"async\" loading=\"lazy\" class=\"alignnone \" src=\"data:image\/png;base64,iVBORw0KGgoAAAANSUhEUgAAAFwAAACBCAMAAAB6kS2bAAAAYFBMVEX\/\/\/8AAACMjIzGxsaurq7x8fHo6OioqKiYmJi0tLSxsbEbGxvt7e1paWn29vaenp4XFxcSEhJxcXEgICCDg4Ph4eFJSUnS0tJOTk5bW1u+vr47Ozt6enoxMTElJSVgYGDXhqXEAAABy0lEQVRoge3a25KCMAwA0FSwi0KRiwiiuP\/\/l0tbb7TdkUK6DzvJizhtjjOxyqUB8Ii+Tnuf+T4RszG+wth7xoLpMWPB9KcdQN8zFkyf2Mi6YaPq2r6pssc3XF3baRbJlyhLMXVtFxw0DhxRf9oPHFHXdjnaTxx4gaPvXvYLB15i6Npmyn7DgSOsyIn9jkO2Wp\/aE3y1bthTfKVu2ga+So9M28QfemTnfozKtC38rn8vwBPTtnGtbxbguagvE9uBAz\/dRL4AB9ga7x24PWlpOHGsIJxwwv8lnm\/tMP\/unPjnxF7UzI7jHPzoSKzF676sOTkmOM4CTnzjzj01erh1D6\/DGWvlKP9tdHlZdMjTWKeOzklsRTsHb+285KzI7lGUWTfG85dify+MqtluTobPOt\/p70yulMusBK8f0UWuGJBX2ld8\/DpOLcG15hBwVW3CCSeccMIJJ5xwwgknnPC\/xdWT2ywQDlGazn0i4o97BOGEE0444YQTTjjhhBNOOOFy+6zCx2VHUqm2Qwd8fGByQ1T1JR2w7YNUE2hYAF3Zcp9YqIOh2qBFNShSjJ+S685G9ChUawEPohf3HrBc4NtvrWNN0pV4cNklul\/hByztFa4epAiKAAAAAElFTkSuQmCC\" width=\"45\" height=\"61\" \/><\/p>\n<ol start=\"4\">\n<li>Faites d\u00e9filer et s\u00e9lectionnez Ajouter sur l&rsquo;\u00e9cran d&rsquo;accueil.<\/li>\n<li>Changez le nom du raccourci si vous le souhaitez, puis appuyez sur Ajouter.<\/li>\n<\/ol>\n<p>&nbsp;<\/p>\n<p>Pour cr\u00e9er un raccourci sur votre un t\u00e9l\u00e9phone <strong>Andro\u00efd <\/strong>:<\/p>\n<ol>\n<li>Ouvrez l&rsquo;application Google Chrome (ou votre navigateur Internet).<\/li>\n<li>Tapez dans la barre d&rsquo;adresse du haut : intranetcisssmc.ca et cliquez sur Acc\u00e9der.<\/li>\n<li>Touchez les trois points superpos\u00e9s dans le haut de l\u2019\u00e9cran \u00e0 droite.<\/li>\n<li>Cliquez sur l\u2019option \u201cAjouter \u00e0 l\u2019\u00e9cran d\u2019accueil\u201d.<\/li>\n<li>Changez le nom du raccourci si vous le souhaitez, puis appuyez sur Ajouter.<\/li>\n<\/ol>\n<p>&nbsp;<\/p>\n","protected":false},"excerpt":{"rendered":"<p>Depuis 1 an, tous les employ\u00e9s et m\u00e9decins du CISSS de la Mont\u00e9r\u00e9gie-Centre ont acc\u00e8s \u00e0 la plateforme intranet disponible au https:\/\/intranetcisssmc.ca. Vous \u00eates d&rsquo;ailleurs de plus en plus nombreux \u00e0 l&rsquo;utiliser! Quotidiennement, c&rsquo;est plus de 2 000 pages qui &hellip; <a href=\"https:\/\/santemc.quebec\/icentre\/intranet-du-cisssmc-une-nouvelle-infolettre-i-centre-a-venir-le-25-mai\/\">Continuer la lecture <span class=\"meta-nav\">&rarr;<\/span><\/a><\/p>\n","protected":false},"author":1,"featured_media":0,"comment_status":"open","ping_status":"closed","sticky":false,"template":"","format":"standard","meta":{"footnotes":""},"categories":[1],"tags":[],"_links":{"self":[{"href":"https:\/\/santemc.quebec\/icentre\/wp-json\/wp\/v2\/posts\/205982"}],"collection":[{"href":"https:\/\/santemc.quebec\/icentre\/wp-json\/wp\/v2\/posts"}],"about":[{"href":"https:\/\/santemc.quebec\/icentre\/wp-json\/wp\/v2\/types\/post"}],"author":[{"embeddable":true,"href":"https:\/\/santemc.quebec\/icentre\/wp-json\/wp\/v2\/users\/1"}],"replies":[{"embeddable":true,"href":"https:\/\/santemc.quebec\/icentre\/wp-json\/wp\/v2\/comments?post=205982"}],"version-history":[{"count":6,"href":"https:\/\/santemc.quebec\/icentre\/wp-json\/wp\/v2\/posts\/205982\/revisions"}],"predecessor-version":[{"id":206039,"href":"https:\/\/santemc.quebec\/icentre\/wp-json\/wp\/v2\/posts\/205982\/revisions\/206039"}],"wp:attachment":[{"href":"https:\/\/santemc.quebec\/icentre\/wp-json\/wp\/v2\/media?parent=205982"}],"wp:term":[{"taxonomy":"category","embeddable":true,"href":"https:\/\/santemc.quebec\/icentre\/wp-json\/wp\/v2\/categories?post=205982"},{"taxonomy":"post_tag","embeddable":true,"href":"https:\/\/santemc.quebec\/icentre\/wp-json\/wp\/v2\/tags?post=205982"}],"curies":[{"name":"wp","href":"https:\/\/api.w.org\/{rel}","templated":true}]}}