{"id":206006,"date":"2022-05-18T11:20:05","date_gmt":"2022-05-18T15:20:05","guid":{"rendered":"https:\/\/santemc.quebec\/icentre\/?p=206006"},"modified":"2022-05-18T13:02:18","modified_gmt":"2022-05-18T17:02:18","slug":"journee-des-preposes-aux-beneficiaires-19-mai-2022-soulignons-le-travail-indispensable-de-ces-personnes-dexception","status":"publish","type":"post","link":"https:\/\/santemc.quebec\/icentre\/journee-des-preposes-aux-beneficiaires-19-mai-2022-soulignons-le-travail-indispensable-de-ces-personnes-dexception\/","title":{"rendered":"Journ\u00e9e des pr\u00e9pos\u00e9s aux b\u00e9n\u00e9ficiaires \u2013 19 mai 2022 : Soulignons le travail indispensable de ces personnes d\u2019exception!"},"content":{"rendered":"<p><a href=\"https:\/\/santemc.quebec\/santemc\/icentre\/wp-content\/uploads\/2022\/05\/Sainte-Croix_2.png\"><img decoding=\"async\" loading=\"lazy\" class=\"size-medium wp-image-206023 alignleft\" src=\"https:\/\/santemc.quebec\/santemc\/icentre\/wp-content\/uploads\/2022\/05\/Sainte-Croix_2-300x300.png\" alt=\"\" width=\"300\" height=\"300\" srcset=\"https:\/\/santemc.quebec\/santemc\/icentre\/wp-content\/uploads\/2022\/05\/Sainte-Croix_2-300x300.png 300w, https:\/\/santemc.quebec\/santemc\/icentre\/wp-content\/uploads\/2022\/05\/Sainte-Croix_2-1024x1024.png 1024w, https:\/\/santemc.quebec\/santemc\/icentre\/wp-content\/uploads\/2022\/05\/Sainte-Croix_2-150x150.png 150w, https:\/\/santemc.quebec\/santemc\/icentre\/wp-content\/uploads\/2022\/05\/Sainte-Croix_2-768x768.png 768w, https:\/\/santemc.quebec\/santemc\/icentre\/wp-content\/uploads\/2022\/05\/Sainte-Croix_2-1536x1536.png 1536w, https:\/\/santemc.quebec\/santemc\/icentre\/wp-content\/uploads\/2022\/05\/Sainte-Croix_2-2048x2048.png 2048w\" sizes=\"(max-width: 300px) 100vw, 300px\" \/><\/a>La Journ\u00e9e des pr\u00e9pos\u00e9s aux b\u00e9n\u00e9ficiaires, qui se d\u00e9roule le 19 mai 2022, a pour objectif de souligner le r\u00f4le prioritaire de ces ressources au sein du r\u00e9seau de la sant\u00e9.<\/p>\n<p>Chaque jour, les pr\u00e9pos\u00e9s veillent \u00e0 \u00e9tablir une relation de confiance aupr\u00e8s des usagers et s\u2019assurent que les soins prodigu\u00e9s respectent l\u2019int\u00e9grit\u00e9 et la dignit\u00e9 de chacun. Ils sont les \u00ab\u2009yeux\u2009\u00bb et les \u00ab\u2009oreilles\u2009\u00bb du personnel m\u00e9dical avec qui ils travaillent en \u00e9troite collaboration.<\/p>\n<p><!--more--><\/p>\n<p>Polyvalents, travaillants et d\u00e9vou\u00e9s, les pr\u00e9pos\u00e9s ont \u00e0 c\u0153ur le bien-\u00eatre des personnes vuln\u00e9rables. Profitons de cette journ\u00e9e sp\u00e9ciale pour valoriser cette profession.<\/p>\n<p>Un grand <em>MERCI<\/em> \u00e0 tous les pr\u00e9pos\u00e9s aux b\u00e9n\u00e9ficiaires!<\/p>\n<p>[envira-gallery id=\u00a0\u00bb206010&Prime;]<\/p>\n","protected":false},"excerpt":{"rendered":"<p>La Journ\u00e9e des pr\u00e9pos\u00e9s aux b\u00e9n\u00e9ficiaires, qui se d\u00e9roule le 19 mai 2022, a pour objectif de souligner le r\u00f4le prioritaire de ces ressources au sein du r\u00e9seau de la sant\u00e9. Chaque jour, les pr\u00e9pos\u00e9s veillent \u00e0 \u00e9tablir une relation &hellip; <a href=\"https:\/\/santemc.quebec\/icentre\/journee-des-preposes-aux-beneficiaires-19-mai-2022-soulignons-le-travail-indispensable-de-ces-personnes-dexception\/\">Continuer la lecture <span class=\"meta-nav\">&rarr;<\/span><\/a><\/p>\n","protected":false},"author":9,"featured_media":0,"comment_status":"open","ping_status":"closed","sticky":false,"template":"","format":"standard","meta":{"footnotes":""},"categories":[1],"tags":[],"_links":{"self":[{"href":"https:\/\/santemc.quebec\/icentre\/wp-json\/wp\/v2\/posts\/206006"}],"collection":[{"href":"https:\/\/santemc.quebec\/icentre\/wp-json\/wp\/v2\/posts"}],"about":[{"href":"https:\/\/santemc.quebec\/icentre\/wp-json\/wp\/v2\/types\/post"}],"author":[{"embeddable":true,"href":"https:\/\/santemc.quebec\/icentre\/wp-json\/wp\/v2\/users\/9"}],"replies":[{"embeddable":true,"href":"https:\/\/santemc.quebec\/icentre\/wp-json\/wp\/v2\/comments?post=206006"}],"version-history":[{"count":6,"href":"https:\/\/santemc.quebec\/icentre\/wp-json\/wp\/v2\/posts\/206006\/revisions"}],"predecessor-version":[{"id":206032,"href":"https:\/\/santemc.quebec\/icentre\/wp-json\/wp\/v2\/posts\/206006\/revisions\/206032"}],"wp:attachment":[{"href":"https:\/\/santemc.quebec\/icentre\/wp-json\/wp\/v2\/media?parent=206006"}],"wp:term":[{"taxonomy":"category","embeddable":true,"href":"https:\/\/santemc.quebec\/icentre\/wp-json\/wp\/v2\/categories?post=206006"},{"taxonomy":"post_tag","embeddable":true,"href":"https:\/\/santemc.quebec\/icentre\/wp-json\/wp\/v2\/tags?post=206006"}],"curies":[{"name":"wp","href":"https:\/\/api.w.org\/{rel}","templated":true}]}}