{"id":206041,"date":"2022-05-20T15:45:07","date_gmt":"2022-05-20T19:45:07","guid":{"rendered":"https:\/\/santemc.quebec\/icentre\/?p=206041"},"modified":"2022-05-20T16:02:33","modified_gmt":"2022-05-20T20:02:33","slug":"assemblee-generale-annuelle-du-comite-des-usagers-du-haut-richelieu-rouville","status":"publish","type":"post","link":"https:\/\/santemc.quebec\/icentre\/assemblee-generale-annuelle-du-comite-des-usagers-du-haut-richelieu-rouville\/","title":{"rendered":"Assembl\u00e9e g\u00e9n\u00e9rale annuelle du Comit\u00e9 des usagers du Haut-Richelieu-Rouville"},"content":{"rendered":"<p>L\u2019assembl\u00e9e g\u00e9n\u00e9rale \u00e9lective du comit\u00e9 des usagers du Haut-Richelieu-Rouville se tiendra le mardi 21 juin 2022 \u00e0 19 heures au Centre des a\u00een\u00e9s johannais, 125, rue Jacques-Cartier nord, \u00e0 Saint-Jean-sur-Richelieu.<!--more--><\/p>\n<p>Vous recevez des services de sant\u00e9 ou des services sociaux dans l\u2019une des installations du r\u00e9seau local de services du Haut-Richelieu-Rouville et vous souhaitez contribuer \u00e0 l\u2019am\u00e9lioration de la qualit\u00e9 des conditions de vie des usagers?<\/p>\n<p>En vertu de la Loi sur les services de sant\u00e9 et des services sociaux, les usagers doivent \u00e9lire un comit\u00e9 pour les repr\u00e9senter.<\/p>\n<p>Les personnes int\u00e9ress\u00e9es \u00e0 poser leur candidature peuvent communiquer avec le secr\u00e9taire d\u2019\u00e9lection au num\u00e9ro 450 358-2578, poste 8958, ou \u00e0 l\u2019adresse <a href=\"mailto:info@comitedesusagers-hrr.com\">info@comitedesusagers-hrr.com<\/a>, avant le 6 juin 2022 \u00e0 17 heures pour recevoir la documentation pertinente.<\/p>\n<p><strong>Ordre du jour propos\u00e9 pour l\u2019assembl\u00e9e g\u00e9n\u00e9rale<\/strong><\/p>\n<ol>\n<li>Pr\u00e9sences et ouverture de l\u2019assembl\u00e9e<\/li>\n<li>Lecture et adoption de l\u2019ordre du jour<\/li>\n<li>Mot de bienvenue<\/li>\n<li>Lecture et adoption du proc\u00e8s-verbal du 29 juin 2021<\/li>\n<li>Pr\u00e9sentation du rapport annuel 2021-2022<\/li>\n<li>Pr\u00e9sentation et approbation du rapport financier 2021-2022<\/li>\n<li>P\u00e9riode de questions<\/li>\n<li>\u00c9lection des membres du comit\u00e9<\/li>\n<li>Lev\u00e9e de l\u2019assembl\u00e9e<\/li>\n<\/ol>\n","protected":false},"excerpt":{"rendered":"<p>L\u2019assembl\u00e9e g\u00e9n\u00e9rale \u00e9lective du comit\u00e9 des usagers du Haut-Richelieu-Rouville se tiendra le mardi 21 juin 2022 \u00e0 19 heures au Centre des a\u00een\u00e9s johannais, 125, rue Jacques-Cartier nord, \u00e0 Saint-Jean-sur-Richelieu.<\/p>\n","protected":false},"author":1,"featured_media":0,"comment_status":"open","ping_status":"closed","sticky":false,"template":"","format":"standard","meta":{"footnotes":""},"categories":[1],"tags":[],"_links":{"self":[{"href":"https:\/\/santemc.quebec\/icentre\/wp-json\/wp\/v2\/posts\/206041"}],"collection":[{"href":"https:\/\/santemc.quebec\/icentre\/wp-json\/wp\/v2\/posts"}],"about":[{"href":"https:\/\/santemc.quebec\/icentre\/wp-json\/wp\/v2\/types\/post"}],"author":[{"embeddable":true,"href":"https:\/\/santemc.quebec\/icentre\/wp-json\/wp\/v2\/users\/1"}],"replies":[{"embeddable":true,"href":"https:\/\/santemc.quebec\/icentre\/wp-json\/wp\/v2\/comments?post=206041"}],"version-history":[{"count":3,"href":"https:\/\/santemc.quebec\/icentre\/wp-json\/wp\/v2\/posts\/206041\/revisions"}],"predecessor-version":[{"id":206048,"href":"https:\/\/santemc.quebec\/icentre\/wp-json\/wp\/v2\/posts\/206041\/revisions\/206048"}],"wp:attachment":[{"href":"https:\/\/santemc.quebec\/icentre\/wp-json\/wp\/v2\/media?parent=206041"}],"wp:term":[{"taxonomy":"category","embeddable":true,"href":"https:\/\/santemc.quebec\/icentre\/wp-json\/wp\/v2\/categories?post=206041"},{"taxonomy":"post_tag","embeddable":true,"href":"https:\/\/santemc.quebec\/icentre\/wp-json\/wp\/v2\/tags?post=206041"}],"curies":[{"name":"wp","href":"https:\/\/api.w.org\/{rel}","templated":true}]}}