{"id":206043,"date":"2022-05-20T15:40:25","date_gmt":"2022-05-20T19:40:25","guid":{"rendered":"https:\/\/santemc.quebec\/icentre\/?p=206043"},"modified":"2022-05-20T16:01:38","modified_gmt":"2022-05-20T20:01:38","slug":"assemblee-generale-annuelle-du-comite-des-usagers-de-champlain-charles-le-moyne-2","status":"publish","type":"post","link":"https:\/\/santemc.quebec\/icentre\/assemblee-generale-annuelle-du-comite-des-usagers-de-champlain-charles-le-moyne-2\/","title":{"rendered":"Assembl\u00e9e g\u00e9n\u00e9rale annuelle du Comit\u00e9 des usagers de Champlain\u2014Charles-Le Moyne"},"content":{"rendered":"<p>Les membres du Comit\u00e9 des usagers de Champlain\u2014Charles-Le Moyne du CISSS de la Mont\u00e9r\u00e9gie-Centre invitent la population \u00e0 participer \u00e0 l\u2019assembl\u00e9e g\u00e9n\u00e9rale annuelle qui se tiendra le jeudi 9 juin 2022, de 16 h \u00e0 18 h, par vid\u00e9o conf\u00e9rence Zoom.<!--more--><\/p>\n<p>Cet \u00e9v\u00e9nement sera \u00e9galement l\u2019occasion de reconna\u00eetre l\u2019excellent travail individuel ou en \u00e9quipe de tout le personnel professionnel de la sant\u00e9 et des autres employ\u00e9s du CISSSMC.<\/p>\n<p>SVP, confirmer votre pr\u00e9sence aupr\u00e8s de Mme Elsa Wong 450 466-5000 poste 3040 <a href=\"mailto:elsa.wong.cisssmc16@ssss.gouv.qc.ca\">elsa.wong.cisssmc16@ssss.gouv.qc.ca<\/a><\/p>\n<p>Vous recevrez le lien pour participer \u00e0 la rencontre 24 heures avant le d\u00e9but de l\u2019assembl\u00e9e g\u00e9n\u00e9rale annuelle par courriel.<\/p>\n<p>Rappelons que la mission du Comit\u00e9 des usagers est de promouvoir, \u00e9valuer, renseigner et repr\u00e9senter les usagers et r\u00e9sidents au sein du CISSS de la Mont\u00e9r\u00e9gie-Centre.<\/p>\n","protected":false},"excerpt":{"rendered":"<p>Les membres du Comit\u00e9 des usagers de Champlain\u2014Charles-Le Moyne du CISSS de la Mont\u00e9r\u00e9gie-Centre invitent la population \u00e0 participer \u00e0 l\u2019assembl\u00e9e g\u00e9n\u00e9rale annuelle qui se tiendra le jeudi 9 juin 2022, de 16 h \u00e0 18 h, par vid\u00e9o conf\u00e9rence &hellip; <a href=\"https:\/\/santemc.quebec\/icentre\/assemblee-generale-annuelle-du-comite-des-usagers-de-champlain-charles-le-moyne-2\/\">Continuer la lecture <span class=\"meta-nav\">&rarr;<\/span><\/a><\/p>\n","protected":false},"author":1,"featured_media":0,"comment_status":"open","ping_status":"closed","sticky":false,"template":"","format":"standard","meta":{"footnotes":""},"categories":[1],"tags":[],"_links":{"self":[{"href":"https:\/\/santemc.quebec\/icentre\/wp-json\/wp\/v2\/posts\/206043"}],"collection":[{"href":"https:\/\/santemc.quebec\/icentre\/wp-json\/wp\/v2\/posts"}],"about":[{"href":"https:\/\/santemc.quebec\/icentre\/wp-json\/wp\/v2\/types\/post"}],"author":[{"embeddable":true,"href":"https:\/\/santemc.quebec\/icentre\/wp-json\/wp\/v2\/users\/1"}],"replies":[{"embeddable":true,"href":"https:\/\/santemc.quebec\/icentre\/wp-json\/wp\/v2\/comments?post=206043"}],"version-history":[{"count":3,"href":"https:\/\/santemc.quebec\/icentre\/wp-json\/wp\/v2\/posts\/206043\/revisions"}],"predecessor-version":[{"id":206046,"href":"https:\/\/santemc.quebec\/icentre\/wp-json\/wp\/v2\/posts\/206043\/revisions\/206046"}],"wp:attachment":[{"href":"https:\/\/santemc.quebec\/icentre\/wp-json\/wp\/v2\/media?parent=206043"}],"wp:term":[{"taxonomy":"category","embeddable":true,"href":"https:\/\/santemc.quebec\/icentre\/wp-json\/wp\/v2\/categories?post=206043"},{"taxonomy":"post_tag","embeddable":true,"href":"https:\/\/santemc.quebec\/icentre\/wp-json\/wp\/v2\/tags?post=206043"}],"curies":[{"name":"wp","href":"https:\/\/api.w.org\/{rel}","templated":true}]}}