{"id":206062,"date":"2022-05-24T13:45:31","date_gmt":"2022-05-24T17:45:31","guid":{"rendered":"https:\/\/santemc.quebec\/icentre\/?p=206062"},"modified":"2022-05-24T13:45:50","modified_gmt":"2022-05-24T17:45:50","slug":"a-compter-de-demain-nouvelle-infolettre-et-nouvelle-facon-de-consulter-les-notes-de-service","status":"publish","type":"post","link":"https:\/\/santemc.quebec\/icentre\/a-compter-de-demain-nouvelle-infolettre-et-nouvelle-facon-de-consulter-les-notes-de-service\/","title":{"rendered":"\u00c0 compter de demain : nouvelle infolettre et nouvelle fa\u00e7on de consulter les notes de service"},"content":{"rendered":"<p><img decoding=\"async\" loading=\"lazy\" class=\"alignleft size-medium wp-image-205983\" src=\"https:\/\/santemc.quebec\/santemc\/icentre\/wp-content\/uploads\/2022\/05\/intrnaet-300x192.png\" alt=\"\" width=\"300\" height=\"192\" srcset=\"https:\/\/santemc.quebec\/santemc\/icentre\/wp-content\/uploads\/2022\/05\/intrnaet-300x192.png 300w, https:\/\/santemc.quebec\/santemc\/icentre\/wp-content\/uploads\/2022\/05\/intrnaet.png 445w\" sizes=\"(max-width: 300px) 100vw, 300px\" \/><\/p>\n<p>\u00c0 compter de demain le 25 mai, vous recevrez dans votre bo\u00eete courriel une nouvelle version de l\u2019infolettre i-Centre qui sera compl\u00e9mentaire au site intranet. En effet, en plus des actualit\u00e9s que vous retrouvez habituellement dans le i-Centre, vous pourrez d\u00e9sormais y consulter les notes de services diffus\u00e9es dans la journ\u00e9e. Chaque nouvelle et chaque note de service seront accompagn\u00e9es d\u2019un lien qui vous m\u00e8nera vers l\u2019intranet.<!--more--><\/p>\n<p><strong>Nouvelle infolettre = moins de courriels!<br \/>\n<\/strong>Bonne nouvelle! L\u2019arriv\u00e9e de la nouvelle infolettre veut aussi dire la fin de l\u2019envoi de la majorit\u00e9 des notes de services par courriel. En effet, toujours \u00e0 compter du 25 mai, au lieu de recevoir les notes dans votre bo\u00eete courriel, vous pourrez plut\u00f4t les consulter en tout temps sur intranet, ou encore dans votre i-Centre en fin de journ\u00e9e. Donc, moins de courriel pour vous!<\/p>\n<p><strong>Avez-vous vos acc\u00e8s?<br \/>\n<\/strong>Nous vous rappelons que pour vous brancher au site intranet et pour b\u00e9n\u00e9ficier de tous les avantages personnalis\u00e9s qu\u2019il offre, vous aurez besoin de votre compte unifi\u00e9 : nom d\u2019utilisateur et mot de passe. Nous vous invitons d\u00e8s maintenant \u00e0 retracer vos acc\u00e8s dans votre bo\u00eete courriel, dans vos documents personnels, ou en vous rendant sur la page d\u2019accueil de\u00a0<a href=\"https:\/\/cisssmcvirtuo.rtss.qc.ca\/GuichetWeb\/\">Virtuo (Web-paie)<\/a>. L\u2019information pour r\u00e9cup\u00e9rer vos acc\u00e8s s\u2019y trouve. Nous mettons \u00e9galement \u00e0 votre disposition un compte visiteur temporaire qui vous permettra d\u2019acc\u00e9der au site :<\/p>\n<ul>\n<li>Nom d\u2019utilisateur : visiteur<\/li>\n<li>Mot de passe : visiteur2021<\/li>\n<\/ul>\n<p>N\u2019h\u00e9sitez pas \u00e0 nous \u00e9crire si vous avez des commentaires et des suggestions sur l\u2019intranet.\u00a0<a href=\"mailto:intranet.cisssmc16@ssss.gouv.qc.ca\">intranet.cisssmc16@ssss.gouv.qc.ca<\/a>.<\/p>\n<p>Vous pouvez \u00e9galement consulter notre document\u00a0<a href=\"https:\/\/msss365.sharepoint.com\/:w:\/t\/Communicationsrelationsaveclesmdiasetprojetsspciaux\/ERLVaG8hstZEuKHH85nc5gABz8WWnuNvuSmB0f6OAMlzYA\">Question\/R\u00e9ponse<\/a>\u00a0pour en savoir plus sur l\u2019intranet.<\/p>\n","protected":false},"excerpt":{"rendered":"<p>\u00c0 compter de demain le 25 mai, vous recevrez dans votre bo\u00eete courriel une nouvelle version de l\u2019infolettre i-Centre qui sera compl\u00e9mentaire au site intranet. En effet, en plus des actualit\u00e9s que vous retrouvez habituellement dans le i-Centre, vous pourrez &hellip; <a href=\"https:\/\/santemc.quebec\/icentre\/a-compter-de-demain-nouvelle-infolettre-et-nouvelle-facon-de-consulter-les-notes-de-service\/\">Continuer la lecture <span class=\"meta-nav\">&rarr;<\/span><\/a><\/p>\n","protected":false},"author":1,"featured_media":0,"comment_status":"open","ping_status":"closed","sticky":false,"template":"","format":"standard","meta":{"footnotes":""},"categories":[1],"tags":[],"_links":{"self":[{"href":"https:\/\/santemc.quebec\/icentre\/wp-json\/wp\/v2\/posts\/206062"}],"collection":[{"href":"https:\/\/santemc.quebec\/icentre\/wp-json\/wp\/v2\/posts"}],"about":[{"href":"https:\/\/santemc.quebec\/icentre\/wp-json\/wp\/v2\/types\/post"}],"author":[{"embeddable":true,"href":"https:\/\/santemc.quebec\/icentre\/wp-json\/wp\/v2\/users\/1"}],"replies":[{"embeddable":true,"href":"https:\/\/santemc.quebec\/icentre\/wp-json\/wp\/v2\/comments?post=206062"}],"version-history":[{"count":2,"href":"https:\/\/santemc.quebec\/icentre\/wp-json\/wp\/v2\/posts\/206062\/revisions"}],"predecessor-version":[{"id":206064,"href":"https:\/\/santemc.quebec\/icentre\/wp-json\/wp\/v2\/posts\/206062\/revisions\/206064"}],"wp:attachment":[{"href":"https:\/\/santemc.quebec\/icentre\/wp-json\/wp\/v2\/media?parent=206062"}],"wp:term":[{"taxonomy":"category","embeddable":true,"href":"https:\/\/santemc.quebec\/icentre\/wp-json\/wp\/v2\/categories?post=206062"},{"taxonomy":"post_tag","embeddable":true,"href":"https:\/\/santemc.quebec\/icentre\/wp-json\/wp\/v2\/tags?post=206062"}],"curies":[{"name":"wp","href":"https:\/\/api.w.org\/{rel}","templated":true}]}}