{"id":2096,"date":"2016-04-20T14:00:48","date_gmt":"2016-04-20T18:00:48","guid":{"rendered":"http:\/\/santemc.quebec\/icentre\/?p=2096"},"modified":"2016-04-20T16:02:02","modified_gmt":"2016-04-20T20:02:02","slug":"bulletin-periscope-hausse-de-lincidence-de-la-surdite-professionnelle-chez-les-travailleurs-de-la-monteregie","status":"publish","type":"post","link":"https:\/\/santemc.quebec\/icentre\/bulletin-periscope-hausse-de-lincidence-de-la-surdite-professionnelle-chez-les-travailleurs-de-la-monteregie\/","title":{"rendered":"Bulletin P\u00e9riscope \u2013 Hausse de l&rsquo;incidence de la surdit\u00e9 professionnelle chez les travailleurs de la Mont\u00e9r\u00e9gie"},"content":{"rendered":"<p><img decoding=\"async\" loading=\"lazy\" class=\"alignleft\" src=\"http:\/\/extranet.santemonteregie.qc.ca\/userfiles\/image\/sante-publique\/surveillance-etat-sante\/N3-180-Periscope.jpg\" alt=\"Logo p\u00e9riscope\" width=\"262\" height=\"180\" \/>Chaque ann\u00e9e, quelques milliers de travailleurs mont\u00e9r\u00e9giens souffrent d\u2019un probl\u00e8me de sant\u00e9 li\u00e9 \u00e0 leur travail ayant \u00e9t\u00e9 accept\u00e9 par la Commission des normes, de l\u2019\u00e9quit\u00e9, de la sant\u00e9 et de la s\u00e9curit\u00e9 du travail (CNESST, anciennement la CSST). La surdit\u00e9 professionnelle, caus\u00e9e par une exposition prolong\u00e9e au bruit dans l\u2019environnement de travail, arrive au deuxi\u00e8me rang des probl\u00e8mes les plus fr\u00e9quents chez les travailleurs, derri\u00e8re les troubles musculosquelettiques. En Mont\u00e9r\u00e9gie, en 2013, le nombre de cas de surdit\u00e9 professionnelle repr\u00e9sente environ 5 % de l\u2019ensemble des r\u00e9clamations pour des probl\u00e8mes de sant\u00e9 accept\u00e9es par la CNESST chez les travailleurs r\u00e9sidants dans la r\u00e9gion.<!--more--><\/p>\n<p>Avec 962 r\u00e9clamations, la Mont\u00e9r\u00e9gie cumule le plus grand nombre de cas dans la province en 2013 (17 %); toutefois, le taux d\u2019incidence de la surdit\u00e9 professionnelle y est un peu moins \u00e9lev\u00e9 qu\u2019au Qu\u00e9bec (77 contre 81 cas par 100 000 personnes de 15 ans et plus).<\/p>\n<p>Pour acc\u00e9der \u00e0 la version int\u00e9grale du bulletin d\u2019information,\u00a0rendez-vous sur le site\u00a0<a class=\"pdf\" href=\"http:\/\/extranet.santemonteregie.qc.ca\/sante-publique\/surveillance-etat-sante\/periscope.fr.html\" target=\"_blank\">Extranet<\/a>.<\/p>\n<p>Le P\u00e9riscope est un bulletin produit par le\u00a0secteur Surveillance de l\u2019\u00e9tat de sant\u00e9 de la population de la Direction de sant\u00e9 publique de la Mont\u00e9r\u00e9gie.<\/p>\n","protected":false},"excerpt":{"rendered":"<p>Chaque ann\u00e9e, quelques milliers de travailleurs mont\u00e9r\u00e9giens souffrent d\u2019un probl\u00e8me de sant\u00e9 li\u00e9 \u00e0 leur travail ayant \u00e9t\u00e9 accept\u00e9 par la Commission des normes, de l\u2019\u00e9quit\u00e9, de la sant\u00e9 et de la s\u00e9curit\u00e9 du travail (CNESST, anciennement la CSST). La &hellip; <a href=\"https:\/\/santemc.quebec\/icentre\/bulletin-periscope-hausse-de-lincidence-de-la-surdite-professionnelle-chez-les-travailleurs-de-la-monteregie\/\">Continuer la lecture <span class=\"meta-nav\">&rarr;<\/span><\/a><\/p>\n","protected":false},"author":1,"featured_media":0,"comment_status":"open","ping_status":"closed","sticky":false,"template":"","format":"standard","meta":{"footnotes":""},"categories":[1],"tags":[44],"_links":{"self":[{"href":"https:\/\/santemc.quebec\/icentre\/wp-json\/wp\/v2\/posts\/2096"}],"collection":[{"href":"https:\/\/santemc.quebec\/icentre\/wp-json\/wp\/v2\/posts"}],"about":[{"href":"https:\/\/santemc.quebec\/icentre\/wp-json\/wp\/v2\/types\/post"}],"author":[{"embeddable":true,"href":"https:\/\/santemc.quebec\/icentre\/wp-json\/wp\/v2\/users\/1"}],"replies":[{"embeddable":true,"href":"https:\/\/santemc.quebec\/icentre\/wp-json\/wp\/v2\/comments?post=2096"}],"version-history":[{"count":3,"href":"https:\/\/santemc.quebec\/icentre\/wp-json\/wp\/v2\/posts\/2096\/revisions"}],"predecessor-version":[{"id":2114,"href":"https:\/\/santemc.quebec\/icentre\/wp-json\/wp\/v2\/posts\/2096\/revisions\/2114"}],"wp:attachment":[{"href":"https:\/\/santemc.quebec\/icentre\/wp-json\/wp\/v2\/media?parent=2096"}],"wp:term":[{"taxonomy":"category","embeddable":true,"href":"https:\/\/santemc.quebec\/icentre\/wp-json\/wp\/v2\/categories?post=2096"},{"taxonomy":"post_tag","embeddable":true,"href":"https:\/\/santemc.quebec\/icentre\/wp-json\/wp\/v2\/tags?post=2096"}],"curies":[{"name":"wp","href":"https:\/\/api.w.org\/{rel}","templated":true}]}}