{"id":210,"date":"2015-05-26T09:00:58","date_gmt":"2015-05-26T13:00:58","guid":{"rendered":"http:\/\/santemc.quebec\/journal\/?p=210"},"modified":"2015-05-26T10:21:49","modified_gmt":"2015-05-26T14:21:49","slug":"le-i-centre-des-nouvelles-de-notre-cisss","status":"publish","type":"post","link":"https:\/\/santemc.quebec\/icentre\/le-i-centre-des-nouvelles-de-notre-cisss\/","title":{"rendered":"Le i-Centre : des nouvelles de notre CISSS!"},"content":{"rendered":"<p><a href=\"http:\/\/santemc.quebec\/santemc\/icentre\/wp-content\/uploads\/2015\/03\/Richard-Deschamps-2012-001-e1430408854308.jpg\"><img decoding=\"async\" loading=\"lazy\" class=\"alignleft wp-image-107 size-thumbnail\" src=\"http:\/\/santemc.quebec\/santemc\/icentre\/wp-content\/uploads\/2015\/03\/Richard-Deschamps-2012-001-150x150.jpg\" alt=\"Richard Deschamps 2012 001\" width=\"150\" height=\"150\" \/><\/a><\/p>\n<p>J&rsquo;ai le plaisir de m\u2019adresser \u00e0 vous par le biais de cette toute nouvelle publication \u00e9lectronique qui permettra \u00e0 l\u2019ensemble du personnel, des m\u00e9decins et stagiaires du CISSS de la Mont\u00e9r\u00e9gie-Centre d\u2019\u00eatre inform\u00e9 des nouvelles qui les concernent.<\/p>\n<p>Le <strong>i-Centre<\/strong> sera continuellement mis \u00e0 jour pour refl\u00e9ter les transformations de notre organisation, mais aussi pour faire conna\u00eetre les bons coups, les r\u00e9ussites, les projets et les innovations de toutes les composantes de notre CISSS. Je suis persuad\u00e9 qu\u2019il y aura beaucoup de mati\u00e8re \u00e0 partager, compte tenu du dynamisme des \u00e9quipes qui forment le CISSS de la Mont\u00e9r\u00e9gie-Centre.<!--more--><\/p>\n<p>Actuellement, le processus de recrutement des cadres sup\u00e9rieurs va bon train. Les affichages se poursuivent dans le but de rapidement stabiliser les \u00e9quipes et de conserver l\u2019expertise des ressources du CISSS de la Mont\u00e9r\u00e9gie-Centre dans notre propre CISSS ! De plus, notre plan d\u2019organisation refl\u00e8te notre d\u00e9sir de rester pr\u00e8s du terrain notamment par le fait que la haute direction est pr\u00e9sente dans nos diff\u00e9rents p\u00f4les territoriaux et qu\u2019elle est impliqu\u00e9e directement dans la gestion des op\u00e9rations. D\u2019ailleurs, je profite de l\u2019occasion pour vous informer qu\u2019au cours des prochaines semaines je d\u00e9buterai une tourn\u00e9e des installations qui composent notre CISSS. Cette tourn\u00e9e, qui d\u00e9butera d\u2019abord par des CHSLD qui constituent des milieux de vie pour nos usagers, me permettra de mieux vous conna\u00eetre, mais aussi d\u2019entendre vos pr\u00e9occupations. Au plaisir de vous rencontrer bient\u00f4t !<\/p>\n<p>&nbsp;<\/p>\n<p>Bonne lecture!<\/p>\n","protected":false},"excerpt":{"rendered":"<p>J&rsquo;ai le plaisir de m\u2019adresser \u00e0 vous par le biais de cette toute nouvelle publication \u00e9lectronique qui permettra \u00e0 l\u2019ensemble du personnel, des m\u00e9decins et stagiaires du CISSS de la Mont\u00e9r\u00e9gie-Centre d\u2019\u00eatre inform\u00e9 des nouvelles qui les concernent. Le i-Centre &hellip; <a href=\"https:\/\/santemc.quebec\/icentre\/le-i-centre-des-nouvelles-de-notre-cisss\/\">Continuer la lecture <span class=\"meta-nav\">&rarr;<\/span><\/a><\/p>\n","protected":false},"author":1,"featured_media":0,"comment_status":"open","ping_status":"closed","sticky":false,"template":"","format":"standard","meta":{"footnotes":""},"categories":[9],"tags":[],"_links":{"self":[{"href":"https:\/\/santemc.quebec\/icentre\/wp-json\/wp\/v2\/posts\/210"}],"collection":[{"href":"https:\/\/santemc.quebec\/icentre\/wp-json\/wp\/v2\/posts"}],"about":[{"href":"https:\/\/santemc.quebec\/icentre\/wp-json\/wp\/v2\/types\/post"}],"author":[{"embeddable":true,"href":"https:\/\/santemc.quebec\/icentre\/wp-json\/wp\/v2\/users\/1"}],"replies":[{"embeddable":true,"href":"https:\/\/santemc.quebec\/icentre\/wp-json\/wp\/v2\/comments?post=210"}],"version-history":[{"count":7,"href":"https:\/\/santemc.quebec\/icentre\/wp-json\/wp\/v2\/posts\/210\/revisions"}],"predecessor-version":[{"id":224,"href":"https:\/\/santemc.quebec\/icentre\/wp-json\/wp\/v2\/posts\/210\/revisions\/224"}],"wp:attachment":[{"href":"https:\/\/santemc.quebec\/icentre\/wp-json\/wp\/v2\/media?parent=210"}],"wp:term":[{"taxonomy":"category","embeddable":true,"href":"https:\/\/santemc.quebec\/icentre\/wp-json\/wp\/v2\/categories?post=210"},{"taxonomy":"post_tag","embeddable":true,"href":"https:\/\/santemc.quebec\/icentre\/wp-json\/wp\/v2\/tags?post=210"}],"curies":[{"name":"wp","href":"https:\/\/api.w.org\/{rel}","templated":true}]}}