{"id":2152,"date":"2016-05-06T09:37:43","date_gmt":"2016-05-06T13:37:43","guid":{"rendered":"http:\/\/santemc.quebec\/icentre\/?p=2152"},"modified":"2016-05-06T15:59:37","modified_gmt":"2016-05-06T19:59:37","slug":"les-dernieres-nominations-de-cadres-intermediaires-au-cisss-de-la-monteregie-centre-23","status":"publish","type":"post","link":"https:\/\/santemc.quebec\/icentre\/les-dernieres-nominations-de-cadres-intermediaires-au-cisss-de-la-monteregie-centre-23\/","title":{"rendered":"Les derni\u00e8res nominations de cadres interm\u00e9diaires au CISSS de la Mont\u00e9r\u00e9gie-Centre"},"content":{"rendered":"<p>Voici les plus r\u00e9centes nominations :<br \/>\n<!--more--><\/p>\n<p><strong>Direction du soutien \u00e0 l\u2019autonomie des personnes \u00e2g\u00e9es<\/strong><\/p>\n<table style=\"width: 75%;\">\n<tbody>\n<tr>\n<td style=\"width: 70%;\">Chef d\u2019administration de programme &#8211; Direction SAPA &#8211; URFI et lits programme &#8211; St-Lambert<\/td>\n<td style=\"width: 5%;\"><\/td>\n<td style=\"width: 25%;\">Guylaine Lalibert\u00e9<\/td>\n<\/tr>\n<\/tbody>\n<\/table>\n<p><strong>Direction r\u00e9gionale des ressources informationnelles<\/strong><\/p>\n<table style=\"width: 75%;\">\n<tbody>\n<tr>\n<td style=\"width: 70%;\">Adjoint \u00e0 la directrice r\u00e9gionale des ressources informationnelles de la Mont\u00e9r\u00e9gie<\/td>\n<td style=\"width: 5%;\"><\/td>\n<td style=\"width: 25%;\">Georges Szczypiorski<\/td>\n<\/tr>\n<\/tbody>\n<\/table>\n","protected":false},"excerpt":{"rendered":"<p>Voici les plus r\u00e9centes nominations :<\/p>\n","protected":false},"author":1,"featured_media":0,"comment_status":"open","ping_status":"closed","sticky":false,"template":"","format":"standard","meta":{"footnotes":""},"categories":[1],"tags":[8],"_links":{"self":[{"href":"https:\/\/santemc.quebec\/icentre\/wp-json\/wp\/v2\/posts\/2152"}],"collection":[{"href":"https:\/\/santemc.quebec\/icentre\/wp-json\/wp\/v2\/posts"}],"about":[{"href":"https:\/\/santemc.quebec\/icentre\/wp-json\/wp\/v2\/types\/post"}],"author":[{"embeddable":true,"href":"https:\/\/santemc.quebec\/icentre\/wp-json\/wp\/v2\/users\/1"}],"replies":[{"embeddable":true,"href":"https:\/\/santemc.quebec\/icentre\/wp-json\/wp\/v2\/comments?post=2152"}],"version-history":[{"count":3,"href":"https:\/\/santemc.quebec\/icentre\/wp-json\/wp\/v2\/posts\/2152\/revisions"}],"predecessor-version":[{"id":2216,"href":"https:\/\/santemc.quebec\/icentre\/wp-json\/wp\/v2\/posts\/2152\/revisions\/2216"}],"wp:attachment":[{"href":"https:\/\/santemc.quebec\/icentre\/wp-json\/wp\/v2\/media?parent=2152"}],"wp:term":[{"taxonomy":"category","embeddable":true,"href":"https:\/\/santemc.quebec\/icentre\/wp-json\/wp\/v2\/categories?post=2152"},{"taxonomy":"post_tag","embeddable":true,"href":"https:\/\/santemc.quebec\/icentre\/wp-json\/wp\/v2\/tags?post=2152"}],"curies":[{"name":"wp","href":"https:\/\/api.w.org\/{rel}","templated":true}]}}