{"id":2154,"date":"2016-05-06T11:21:13","date_gmt":"2016-05-06T15:21:13","guid":{"rendered":"http:\/\/santemc.quebec\/icentre\/?p=2154"},"modified":"2016-06-22T14:23:07","modified_gmt":"2016-06-22T18:23:07","slug":"info-domino-volume-1-numero-1","status":"publish","type":"post","link":"https:\/\/santemc.quebec\/icentre\/info-domino-volume-1-numero-1\/","title":{"rendered":"Info-Domino &#8211; \u00c9dition du 6 mai 2016"},"content":{"rendered":"<p><a href=\"http:\/\/santemc.quebec\/santemc\/icentre\/wp-content\/uploads\/2016\/05\/domino.jpg\"><img decoding=\"async\" loading=\"lazy\" class=\"alignleft wp-image-2198\" src=\"http:\/\/santemc.quebec\/santemc\/icentre\/wp-content\/uploads\/2016\/05\/domino-768x173.jpg\" alt=\"domino\" width=\"800\" height=\"180\" srcset=\"https:\/\/santemc.quebec\/santemc\/icentre\/wp-content\/uploads\/2016\/05\/domino-768x173.jpg 768w, https:\/\/santemc.quebec\/santemc\/icentre\/wp-content\/uploads\/2016\/05\/domino-300x68.jpg 300w, https:\/\/santemc.quebec\/santemc\/icentre\/wp-content\/uploads\/2016\/05\/domino-1024x231.jpg 1024w, https:\/\/santemc.quebec\/santemc\/icentre\/wp-content\/uploads\/2016\/05\/domino-500x113.jpg 500w, https:\/\/santemc.quebec\/santemc\/icentre\/wp-content\/uploads\/2016\/05\/domino.jpg 1136w\" sizes=\"(max-width: 800px) 100vw, 800px\" \/><\/a><\/p>\n<p style=\"color: #0000ff;\">\u00a0<strong>1<sup>RE<\/sup> \u00c9DITION DU BULLETIN\u00a0INFO-DOMINO<br \/>\n<\/strong>L\u2019outil d\u2019information pour conna\u00eetre l\u2019\u00e9volution de ce projet d\u2019envergure<\/p>\n<p>L\u2019Info-Domino est votre outil d\u2019information incontournable pour conna\u00eetre les r\u00e9ponses \u00e0 vos questions et vous tenir inform\u00e9s du d\u00e9roulement du projet Domino. Diffus\u00e9 fr\u00e9quemment dans le i-Centre et par courriel, ce bulletin d\u00e9taille la s\u00e9quence des relocalisations qui s\u2019op\u00e8rera prochainement dans nos installations.<\/p>\n<p>&gt;&gt;&gt;&gt; Consultez aussi la version PDF <a href=\"http:\/\/santemc.quebec\/santemc\/icentre\/wp-content\/uploads\/2016\/05\/Info-Domino_6-mai-2016.pdf\" target=\"_blank\">Info-Domino<\/a><\/p>\n<p><!--more--><\/p>\n<p>Rappelons que Domino vise \u00e0 assurer le d\u00e9veloppement du CISSS de la Mont\u00e9r\u00e9gie-Centre en favorisant l&rsquo;utilisation optimale de nos installations et en offrant ainsi un meilleur acc\u00e8s \u00e0 nos soins et services \u00e0 la population.<\/p>\n<p>N\u2019h\u00e9sitez pas \u00e0 le partager, \u00e0 l\u2019imprimer et \u00e0 l\u2019afficher pour tenir inform\u00e9s vos coll\u00e8gues et votre \u00e9quipe.<\/p>\n<h4 style=\"color: #0000ff;\"><strong><br \/>\nDES D\u00c9PLACEMENTS SOIGNEUSEMENT R\u00c9FL\u00c9CHIS<\/strong><\/h4>\n<p>De l\u2019\u00e9laboration des plans pr\u00e9liminaires \u00e0 l\u2019organisation des mesures de mitigation et de relocalisation, la Direction de la logistique orchestre le projet Domino, en collaboration avec la Direction des ressources informationnelles et la Direction des services techniques, de fa\u00e7on \u00e0 ce que tout soit minutieusement pens\u00e9. Ce travail d\u2019\u00e9quipe favorise un d\u00e9ploiement fluide des d\u00e9m\u00e9nagements, car il tient compte du temps n\u00e9cessaire pour effectuer des travaux d\u2019am\u00e9nagement et du maintien des activit\u00e9s des \u00e9quipes concern\u00e9es.<\/p>\n<h4 style=\"color: #0000ff;\"><strong>LA CASCADE DE RELOCALISATIONS EST ENCLENCH\u00c9E!<br \/>\n<\/strong><\/h4>\n<p><strong><a href=\"http:\/\/santemc.quebec\/santemc\/icentre\/wp-content\/uploads\/2016\/03\/IMG_4441-e1458238685494.jpg\"><img decoding=\"async\" loading=\"lazy\" class=\"alignleft wp-image-1866 size-medium\" style=\"margin: 20px 10px 40px 0px;\" src=\"http:\/\/santemc.quebec\/santemc\/icentre\/wp-content\/uploads\/2016\/03\/IMG_4441-300x200.jpg\" alt=\"Image du site 1255 Beauregard\" width=\"300\" height=\"200\" \/><br \/>\n<\/a><\/strong><strong>SERVICE R\u00c9GIONAL DE LA PAIE RELOCALIS\u00c9 AU 1255, RUE BEAUREGARD \u00c0 LONGUEUIL (2E \u00c9TAGE)<\/strong><\/p>\n<p>Au cours des prochains jours, le regroupement des \u00e9quipes du Service r\u00e9gional de la paie en Mont\u00e9r\u00e9gie s\u2019amorcera au second \u00e9tage du 1255, rue Beauregard \u00e0 Longueuil (voir le plan). Ce d\u00e9m\u00e9nagement est le premier d\u2019une s\u00e9rie de trois qui permettra, \u00e0 terme, d\u2019accueillir l\u2019ensemble du personnel du Service de la paie en Mont\u00e9r\u00e9gie. Rappelons que le projet de r\u00e9gionalisation de la paie est pilot\u00e9 par le CISSS de la Mont\u00e9r\u00e9gie-Centre. Ce projet d\u2019envergure vise \u00e0 produire une paie de qualit\u00e9 selon les meilleures pratiques et au meilleur rapport qualit\u00e9\/co\u00fbt possible.<\/p>\n<p><strong>Phase 1 : Secteur du CISSS de la Mont\u00e9r\u00e9gie-Centre &#8211; 9 et 10 mai<\/strong><br \/>\nDans un premier temps, l\u2019\u00e9quipe de la paie situ\u00e9e sur la rue Normand \u00e0 Saint-Jean-sur-Richelieu ainsi que celle de l\u2019INLB \u00e0 Longueuil seront relocalis\u00e9es le 9 mai prochain. D\u00e8s le lendemain, soit le 10 mai, ce sera au tour de l\u2019\u00e9quipe situ\u00e9e au 2727 rue Taschereau \u00e0 Brossard d\u2019embo\u00eeter le pas.<\/p>\n<p><strong>Phase 2 : Secteur du CISSS de la Mont\u00e9r\u00e9gie-Est &#8211; 17, 20 et 21 juin<\/strong><br \/>\nDans un second temps, les 17, 20 et 21 juin seront les journ\u00e9es de d\u00e9m\u00e9nagement pour les services de la paie de l\u2019Est.<\/p>\n<p><strong>Phase 3 : Secteur du CISSS de la Mont\u00e9r\u00e9gie-Ouest &#8211; mi-juillet<\/strong><br \/>\nPour compl\u00e9ter le transfert de ce service, la cascade de d\u00e9m\u00e9nagement rejoindra le secteur de la paie \u00e0 la mi-juillet pour la r\u00e9gion de la Mont\u00e9r\u00e9gie-Ouest.<\/p>\n<h4 style=\"color: #0000ff;\"><strong><br \/>\nAUTRES RELOCALISATIONS \u00c0 VENIR<\/strong><\/h4>\n<p><strong>Direction de la sant\u00e9 publique &#8211; juin<\/strong><br \/>\nLa Direction de la sant\u00e9 publique actuellement r\u00e9partie sur plusieurs \u00e9tages au 1255, rue Beauregard \u00e0 Longueuil, sera regroup\u00e9e au 3e \u00e9tage de l\u2019immeuble. Ainsi, le d\u00e9placement des secteurs \u00abAffiliations\u00bb, \u00abAffaires universitaires\u00bb et \u00abMaladies transmissibles\u00bb aura lieu en juin.<\/p>\n<p>Veuillez consulter le prochain bulletin Info-Domino, votre source d\u2019information, pour conna\u00eetre tous les d\u00e9tails des futures relocalisations.<\/p>\n<div style=\"background: #ddd; padding: 10px; margin-top: 25px;\">\n<h4 style=\"color: #0000ff;\"><strong>DES QUESTIONS SUR CE PROJET?<\/strong><\/h4>\n<p>Nous vous invitons \u00e0 faire parvenir vos questions \u00e0 l\u2019\u00e9quipe de la logistique.<\/p>\n<ul>\n<li>Par t\u00e9l\u00e9phone : 450 466-5000, poste 4004<\/li>\n<li>Par courriel : <a href=\"mailto:domino.cisssmc16@ssss.gouv.qc.ca\">domino.cisssmc16@ssss.gouv.qc.ca<\/a><\/li>\n<\/ul>\n<\/div>\n<p>&nbsp;<\/p>\n<p>&nbsp;<\/p>\n","protected":false},"excerpt":{"rendered":"<p>\u00a01RE \u00c9DITION DU BULLETIN\u00a0INFO-DOMINO L\u2019outil d\u2019information pour conna\u00eetre l\u2019\u00e9volution de ce projet d\u2019envergure L\u2019Info-Domino est votre outil d\u2019information incontournable pour conna\u00eetre les r\u00e9ponses \u00e0 vos questions et vous tenir inform\u00e9s du d\u00e9roulement du projet Domino. Diffus\u00e9 fr\u00e9quemment dans le i-Centre &hellip; <a href=\"https:\/\/santemc.quebec\/icentre\/info-domino-volume-1-numero-1\/\">Continuer la lecture <span class=\"meta-nav\">&rarr;<\/span><\/a><\/p>\n","protected":false},"author":1,"featured_media":0,"comment_status":"open","ping_status":"closed","sticky":false,"template":"","format":"standard","meta":{"footnotes":""},"categories":[1],"tags":[62,54],"_links":{"self":[{"href":"https:\/\/santemc.quebec\/icentre\/wp-json\/wp\/v2\/posts\/2154"}],"collection":[{"href":"https:\/\/santemc.quebec\/icentre\/wp-json\/wp\/v2\/posts"}],"about":[{"href":"https:\/\/santemc.quebec\/icentre\/wp-json\/wp\/v2\/types\/post"}],"author":[{"embeddable":true,"href":"https:\/\/santemc.quebec\/icentre\/wp-json\/wp\/v2\/users\/1"}],"replies":[{"embeddable":true,"href":"https:\/\/santemc.quebec\/icentre\/wp-json\/wp\/v2\/comments?post=2154"}],"version-history":[{"count":50,"href":"https:\/\/santemc.quebec\/icentre\/wp-json\/wp\/v2\/posts\/2154\/revisions"}],"predecessor-version":[{"id":2209,"href":"https:\/\/santemc.quebec\/icentre\/wp-json\/wp\/v2\/posts\/2154\/revisions\/2209"}],"wp:attachment":[{"href":"https:\/\/santemc.quebec\/icentre\/wp-json\/wp\/v2\/media?parent=2154"}],"wp:term":[{"taxonomy":"category","embeddable":true,"href":"https:\/\/santemc.quebec\/icentre\/wp-json\/wp\/v2\/categories?post=2154"},{"taxonomy":"post_tag","embeddable":true,"href":"https:\/\/santemc.quebec\/icentre\/wp-json\/wp\/v2\/tags?post=2154"}],"curies":[{"name":"wp","href":"https:\/\/api.w.org\/{rel}","templated":true}]}}