{"id":2218,"date":"2016-05-09T10:19:38","date_gmt":"2016-05-09T14:19:38","guid":{"rendered":"http:\/\/santemc.quebec\/icentre\/?p=2218"},"modified":"2016-05-09T15:41:06","modified_gmt":"2016-05-09T19:41:06","slug":"affichage-des-postes-vacants-des-services-de-la-paie-en-monteregie","status":"publish","type":"post","link":"https:\/\/santemc.quebec\/icentre\/affichage-des-postes-vacants-des-services-de-la-paie-en-monteregie\/","title":{"rendered":"Affichage des postes vacants des Services de la paie en Mont\u00e9r\u00e9gie"},"content":{"rendered":"<p>Bonjour,<\/p>\n<p>Nous vous informons qu\u2019apr\u00e8s discussions avec les responsables syndicaux, les trois employeurs concern\u00e9s par le dossier de r\u00e9gionalisation de la paie en Mont\u00e9r\u00e9gie ont d\u00e9cid\u00e9 que les postes vacants des Services de la paie en Mont\u00e9r\u00e9gie seraient affich\u00e9s dans les accr\u00e9ditations syndicales des \u00e9tablissements d\u2019origine.<!--more--><\/p>\n<p>Nous proc\u00e9derons donc rapidement \u00e0 l\u2019affichage de ces postes afin d\u2019assurer la disponibilit\u00e9 du personnel et le maintien de l\u2019expertise n\u00e9cessaire \u00e0 la production de la paie.<\/p>\n<p>Tel que le pr\u00e9voit le projet de r\u00e9gionalisation de la paie, ces postes seront vis\u00e9s par un changement d\u2019employeur et une modification du port d\u2019attache qui sera le 1255 Beauregard \u00e0 Longueuil. Le nouvel employeur sera le CISSS de la Mont\u00e9r\u00e9gie-Centre.<br \/>\nNous vous invitons donc, dans les prochains jours, \u00e0 surveillez ces affichages qui seront diffus\u00e9s selon les modes habituels.<\/p>\n<p>Soyez assur\u00e9s que nous vous tiendrons inform\u00e9s de l\u2019\u00e9volution de ce dossier de r\u00e9gionalisation.<\/p>\n<p>Nous vous remercions de votre attention.<\/p>\n<p>Ginette D\u00e9ry<br \/>\nCoordonnatrice r\u00e9gionale de la paie en Mont\u00e9r\u00e9gie<\/p>\n<p>&nbsp;<\/p>\n","protected":false},"excerpt":{"rendered":"<p>Bonjour, Nous vous informons qu\u2019apr\u00e8s discussions avec les responsables syndicaux, les trois employeurs concern\u00e9s par le dossier de r\u00e9gionalisation de la paie en Mont\u00e9r\u00e9gie ont d\u00e9cid\u00e9 que les postes vacants des Services de la paie en Mont\u00e9r\u00e9gie seraient affich\u00e9s dans &hellip; <a href=\"https:\/\/santemc.quebec\/icentre\/affichage-des-postes-vacants-des-services-de-la-paie-en-monteregie\/\">Continuer la lecture <span class=\"meta-nav\">&rarr;<\/span><\/a><\/p>\n","protected":false},"author":1,"featured_media":0,"comment_status":"open","ping_status":"closed","sticky":false,"template":"","format":"standard","meta":{"footnotes":""},"categories":[1],"tags":[54],"_links":{"self":[{"href":"https:\/\/santemc.quebec\/icentre\/wp-json\/wp\/v2\/posts\/2218"}],"collection":[{"href":"https:\/\/santemc.quebec\/icentre\/wp-json\/wp\/v2\/posts"}],"about":[{"href":"https:\/\/santemc.quebec\/icentre\/wp-json\/wp\/v2\/types\/post"}],"author":[{"embeddable":true,"href":"https:\/\/santemc.quebec\/icentre\/wp-json\/wp\/v2\/users\/1"}],"replies":[{"embeddable":true,"href":"https:\/\/santemc.quebec\/icentre\/wp-json\/wp\/v2\/comments?post=2218"}],"version-history":[{"count":1,"href":"https:\/\/santemc.quebec\/icentre\/wp-json\/wp\/v2\/posts\/2218\/revisions"}],"predecessor-version":[{"id":2219,"href":"https:\/\/santemc.quebec\/icentre\/wp-json\/wp\/v2\/posts\/2218\/revisions\/2219"}],"wp:attachment":[{"href":"https:\/\/santemc.quebec\/icentre\/wp-json\/wp\/v2\/media?parent=2218"}],"wp:term":[{"taxonomy":"category","embeddable":true,"href":"https:\/\/santemc.quebec\/icentre\/wp-json\/wp\/v2\/categories?post=2218"},{"taxonomy":"post_tag","embeddable":true,"href":"https:\/\/santemc.quebec\/icentre\/wp-json\/wp\/v2\/tags?post=2218"}],"curies":[{"name":"wp","href":"https:\/\/api.w.org\/{rel}","templated":true}]}}