{"id":2283,"date":"2016-05-18T09:20:50","date_gmt":"2016-05-18T13:20:50","guid":{"rendered":"http:\/\/santemc.quebec\/icentre\/?p=2283"},"modified":"2016-05-18T11:22:42","modified_gmt":"2016-05-18T15:22:42","slug":"service-regional-de-la-paie-des-etablissements-de-la-monteregie-portrait-de-la-situation","status":"publish","type":"post","link":"https:\/\/santemc.quebec\/icentre\/service-regional-de-la-paie-des-etablissements-de-la-monteregie-portrait-de-la-situation\/","title":{"rendered":"Service r\u00e9gional de la paie des \u00e9tablissements de la Mont\u00e9r\u00e9gie : portrait de la situation"},"content":{"rendered":"<p>Depuis plusieurs mois, les \u00e9quipes des CISSS de la Mont\u00e9r\u00e9gie travaillent ensemble afin d\u2019instaurer la mise en place du service r\u00e9gional de la paie. Des rencontres se sont d\u00e9roul\u00e9es avec les employ\u00e9s en f\u00e9vrier, mars et mai afin de les informer de l\u2019avanc\u00e9e du projet. Le protocole d\u2019entente intervenu avec l\u2019ensemble des syndicats convenant des modalit\u00e9s de transfert des employ\u00e9s a \u00e9galement \u00e9t\u00e9 pr\u00e9sent\u00e9 aux employ\u00e9s. Finalement, un pas de plus a \u00e9t\u00e9 franchi les 9 et 10 mai lorsque les employ\u00e9s de la paie du CISSS de la Mont\u00e9r\u00e9gie-Centre ont d\u00e9m\u00e9nag\u00e9 au site convenu du service r\u00e9gional de la paie, soit le 1255 rue Beauregard \u00e0 Longueuil. Avec les travaux effectu\u00e9s, la Mont\u00e9r\u00e9gie devient la premi\u00e8re r\u00e9gion \u00e0 instaurer un service r\u00e9gional de la paie inter CISSS.<!--more--><\/p>\n<p><strong>Les \u00e9tapes \u00e0 venir<br \/>\n<\/strong>Au cours des prochains jours, les employ\u00e9s du CISSS de la Mont\u00e9r\u00e9gie-Est et du CISSS de la Mont\u00e9r\u00e9gie-Ouest devront signifier leur intention d\u2019accepter leur transfert au CISSS de la Mont\u00e9r\u00e9gie-Centre. De plus, des affichages de postes sont en cours dans plusieurs \u00e9tablissements, ce qui permettra de tracer un portrait des effectifs du nouveau service r\u00e9gional de la paie d\u2019ici la fin du mois de mai. Nous pourrons alors ajuster les diff\u00e9rents moyens d\u00e9j\u00e0 pr\u00e9vus pour assurer un service de qualit\u00e9.<\/p>\n<p>Les prochains d\u00e9m\u00e9nagements se feront du 17 au 21 juin pour les \u00e9quipes de la paie du RLS Pierre-De Saurel, RLS Pierre-Boucher et du Centre jeunesse de la Mont\u00e9r\u00e9gie. Par la suite, les 15, 18 et 19 juillet prochain suivront les d\u00e9m\u00e9nagements des \u00e9quipes du SRSOR, CMR, CRDITEDME, CR Foster, CR Le Virage, RLS Haut-St-Laurent et RLS Vaudreuil-Soulanges. Nous terminerons avec les \u00e9quipes des RLS Richelieu-Yamaska, Jardins-Roussillon et Suro\u00eet au d\u00e9but septembre, mais la date reste \u00e0 \u00eatre confirm\u00e9e.<\/p>\n<p><strong>Phase de consolidation<br \/>\n<\/strong>Le service r\u00e9gional de la paie s\u2019est dot\u00e9 d\u2019un Guichet d\u2019acc\u00e8s unique pour offrir un service de qualit\u00e9 \u00e0 sa client\u00e8le et r\u00e9pondre \u00e0 tous les employ\u00e9s et les gestionnaires de fa\u00e7on efficace. Le Guichet d\u2019acc\u00e8s unique entre en vigueur lors du d\u00e9m\u00e9nagement du service local de la paie. Les coordonn\u00e9es vous seront communiqu\u00e9es en temps opportun.<\/p>\n<p>Outre les d\u00e9m\u00e9nagements, aucun autre changement majeur ne sera effectu\u00e9 au service r\u00e9gional de la paie au cours de la p\u00e9riode estivale afin d\u2019entamer la phase de consolidation des services.<\/p>\n<p>Pour assurer un service de qualit\u00e9, nous comptons sur la vigilance et la responsabilit\u00e9 de chacun pour le respect des d\u00e9lais et l\u2019exactitude des informations. L\u2019ensemble des partenaires continue de travailler en \u00e9troite collaboration afin d\u2019assurer la plus grande fluidit\u00e9 possible dans ce grand projet. D\u2019autres communications suivront afin de vous tenir au courant de l\u2019\u00e9volution du projet.<\/p>\n<p>&nbsp;<\/p>\n<p>Ginette D\u00e9ry<br \/>\nCoordonnatrice r\u00e9gionale de la paie des \u00e9tablissements de la Mont\u00e9r\u00e9gie<\/p>\n<p>&nbsp;<\/p>\n","protected":false},"excerpt":{"rendered":"<p>Depuis plusieurs mois, les \u00e9quipes des CISSS de la Mont\u00e9r\u00e9gie travaillent ensemble afin d\u2019instaurer la mise en place du service r\u00e9gional de la paie. Des rencontres se sont d\u00e9roul\u00e9es avec les employ\u00e9s en f\u00e9vrier, mars et mai afin de les &hellip; <a href=\"https:\/\/santemc.quebec\/icentre\/service-regional-de-la-paie-des-etablissements-de-la-monteregie-portrait-de-la-situation\/\">Continuer la lecture <span class=\"meta-nav\">&rarr;<\/span><\/a><\/p>\n","protected":false},"author":1,"featured_media":0,"comment_status":"open","ping_status":"closed","sticky":false,"template":"","format":"standard","meta":{"footnotes":""},"categories":[1],"tags":[54],"_links":{"self":[{"href":"https:\/\/santemc.quebec\/icentre\/wp-json\/wp\/v2\/posts\/2283"}],"collection":[{"href":"https:\/\/santemc.quebec\/icentre\/wp-json\/wp\/v2\/posts"}],"about":[{"href":"https:\/\/santemc.quebec\/icentre\/wp-json\/wp\/v2\/types\/post"}],"author":[{"embeddable":true,"href":"https:\/\/santemc.quebec\/icentre\/wp-json\/wp\/v2\/users\/1"}],"replies":[{"embeddable":true,"href":"https:\/\/santemc.quebec\/icentre\/wp-json\/wp\/v2\/comments?post=2283"}],"version-history":[{"count":3,"href":"https:\/\/santemc.quebec\/icentre\/wp-json\/wp\/v2\/posts\/2283\/revisions"}],"predecessor-version":[{"id":2286,"href":"https:\/\/santemc.quebec\/icentre\/wp-json\/wp\/v2\/posts\/2283\/revisions\/2286"}],"wp:attachment":[{"href":"https:\/\/santemc.quebec\/icentre\/wp-json\/wp\/v2\/media?parent=2283"}],"wp:term":[{"taxonomy":"category","embeddable":true,"href":"https:\/\/santemc.quebec\/icentre\/wp-json\/wp\/v2\/categories?post=2283"},{"taxonomy":"post_tag","embeddable":true,"href":"https:\/\/santemc.quebec\/icentre\/wp-json\/wp\/v2\/tags?post=2283"}],"curies":[{"name":"wp","href":"https:\/\/api.w.org\/{rel}","templated":true}]}}