{"id":2299,"date":"2016-05-18T08:34:08","date_gmt":"2016-05-18T12:34:08","guid":{"rendered":"http:\/\/santemc.quebec\/icentre\/?p=2299"},"modified":"2016-05-18T15:54:57","modified_gmt":"2016-05-18T19:54:57","slug":"le-defi-des-generations-contre-le-cancer-cest-parti","status":"publish","type":"post","link":"https:\/\/santemc.quebec\/icentre\/le-defi-des-generations-contre-le-cancer-cest-parti\/","title":{"rendered":"Le d\u00e9fi des g\u00e9n\u00e9rations contre le cancer : c&rsquo;est parti!"},"content":{"rendered":"<p><a href=\"http:\/\/santemc.quebec\/santemc\/icentre\/wp-content\/uploads\/2016\/05\/Affiche_D\u00e9fi-des-g\u00e9n\u00e9rations_mai2016-1.jpg\"><img decoding=\"async\" loading=\"lazy\" class=\"alignleft wp-image-2306 size-thumbnail\" src=\"http:\/\/santemc.quebec\/santemc\/icentre\/wp-content\/uploads\/2016\/05\/Affiche_D\u00e9fi-des-g\u00e9n\u00e9rations_mai2016-1-150x150.jpg\" alt=\"Affiche_D\u00e9fi des g\u00e9n\u00e9rations_mai2016 1\" width=\"150\" height=\"150\" \/><\/a>La Fondation H\u00f4pital Charles-LeMoyne est heureuse de pr\u00e9senter la 1<sup>\u00e8re<\/sup> \u00e9dition du D\u00e9fi des g\u00e9n\u00e9rations contre le cancer anim\u00e9e par Jos\u00e9e Lavigueur, le 1<sup>er<\/sup> octobre 2016 \u00e0 Brossard.<\/p>\n<p><!--more--><\/p>\n<p><strong>UN D\u00c9FI POUR TOUTE LA FAMILLE<br \/>\n<\/strong>Le D\u00e9fi des G\u00e9n\u00e9rations contre le cancer est une activit\u00e9 sportive qui a pour but d\u2019amasser des fonds pour participer \u00e0 l\u2019achat d\u2019un TEP Scan.<\/p>\n<p>L\u2019\u00e9v\u00e9nement se d\u00e9roulera dans une ambiance festive et familiale. Des parcours de 5 km, 10 km, 21 km seront propos\u00e9s aux participants, sans oublier le \u00ab\u00a0kilom\u00e8tre des g\u00e9n\u00e9rations\u00a0\u00bb qui r\u00e9unira grands-parents, parents et petits-enfants dans un m\u00eame parcours de 1 km.<\/p>\n<p>Animation \/ aire de jeux \/ Collations \/ Chandail officiel pour les coureurs<\/p>\n<p>Information et inscription\u00a0: <a href=\"http:\/\/www.fhclm.ca\/activite\/defi-des-generations-contre-le-cancer\/\" target=\"_blank\">http:\/\/www.fhclm.ca\/activite\/defi-des-generations-contre-le-cancer\/<\/a>\u00a0(les frais d\u2019inscription varient selon le parcours)<\/p>\n<p><strong>RELEVEZ LE D\u00c9FI!<br \/>\n<\/strong>La Fondation vous invite \u00e0 vous inscrire en \u00e9quipe. R\u00e9unissez coll\u00e8gues, familles et amis pour former une \u00e9quipe et rendez-vous sur le site Internet de la Fondation pour vous inscrire. Vous pourrez effectuer une collecte en ligne et partager l\u2019\u00e9v\u00e9nement via les r\u00e9seaux sociaux. C\u2019est un rendez-vous au\u00a0: <a href=\"http:\/\/activites.fhclm.ca\/activite\/le-defi-des-generations-contre-le-cancer\/inscription\/\" target=\"_blank\">http:\/\/activites.fhclm.ca\/activite\/le-defi-des-generations-contre-le-cancer\/inscription\/<\/a><\/p>\n<p>Pas envie de courir? Vous pouvez contribuer au succ\u00e8s de l\u2019\u00e9v\u00e9nement en appuyant un participant gr\u00e2ce \u00e0 un don. Vous pouvez \u00e9galement devenir b\u00e9n\u00e9vole. Plusieurs places sont disponibles. Contactez \u00c9m\u00e9lie Lebeau au\u00a0450 466-5000, poste 2338 ou \u00e0 <a href=\"mailto:emelie.lebeau@fhclm.ca\" target=\"_blank\">emelie.lebeau@fhclm.ca<\/a><\/p>\n<p><strong>LE JOURNAL DE COURSE \u00ab\u00a0J\u2019<em>HA\u00cfS<\/em> \u00c7A COURIR!\u00a0\u00bb<br \/>\n<\/strong>Suivez Nathalie Toupin, inhaloth\u00e9rapeute \u00e0 l\u2019H\u00f4pital, qui a combattu un cancer du sein en 2014. Plus d\u2019un an apr\u00e8s la fin de ses traitements, Nathalie se lance le d\u00e9fi de se mettre \u00e0 la course pour retrouver sa forme d\u2019avant.<\/p>\n<p><strong>Son but<\/strong>\u00a0: participer au D\u00e9fi des g\u00e9n\u00e9rations contre le cancer<br \/>\n<strong>Le hic<\/strong>\u00a0: elle\u00a0<em>ha\u00eft<\/em>\u00a0\u00e7a courir!<\/p>\n<p>Suivez chaque semaine son parcours tout en humour. Les textes et les vid\u00e9os de Nathalie sont publi\u00e9s dans les journaux <em>Le<\/em> <em>Courrier du Sud<\/em> et <em>La Seigneurie de Boucherville<\/em> ainsi que sur le site de la Fondation au\u00a0: <strong><a href=\"http:\/\/www.fhclm.ca\/blogue\/\" target=\"_blank\">http:\/\/www.fhclm.ca\/blogue\/<\/a><\/strong><\/p>\n<p><strong>La Fondation tient \u00e0 remercier Dr Georges Wakil, radio-oncologue et madame Brigitte Farley, chef de service de la radio-oncologie pour leur participation \u00e0 la r\u00e9alisation de la premi\u00e8re capsule vid\u00e9o<\/strong>.<\/p>\n<p>&nbsp;<\/p>\n","protected":false},"excerpt":{"rendered":"<p>La Fondation H\u00f4pital Charles-LeMoyne est heureuse de pr\u00e9senter la 1\u00e8re \u00e9dition du D\u00e9fi des g\u00e9n\u00e9rations contre le cancer anim\u00e9e par Jos\u00e9e Lavigueur, le 1er octobre 2016 \u00e0 Brossard.<\/p>\n","protected":false},"author":1,"featured_media":0,"comment_status":"open","ping_status":"closed","sticky":false,"template":"","format":"standard","meta":{"footnotes":""},"categories":[1],"tags":[55],"_links":{"self":[{"href":"https:\/\/santemc.quebec\/icentre\/wp-json\/wp\/v2\/posts\/2299"}],"collection":[{"href":"https:\/\/santemc.quebec\/icentre\/wp-json\/wp\/v2\/posts"}],"about":[{"href":"https:\/\/santemc.quebec\/icentre\/wp-json\/wp\/v2\/types\/post"}],"author":[{"embeddable":true,"href":"https:\/\/santemc.quebec\/icentre\/wp-json\/wp\/v2\/users\/1"}],"replies":[{"embeddable":true,"href":"https:\/\/santemc.quebec\/icentre\/wp-json\/wp\/v2\/comments?post=2299"}],"version-history":[{"count":6,"href":"https:\/\/santemc.quebec\/icentre\/wp-json\/wp\/v2\/posts\/2299\/revisions"}],"predecessor-version":[{"id":2307,"href":"https:\/\/santemc.quebec\/icentre\/wp-json\/wp\/v2\/posts\/2299\/revisions\/2307"}],"wp:attachment":[{"href":"https:\/\/santemc.quebec\/icentre\/wp-json\/wp\/v2\/media?parent=2299"}],"wp:term":[{"taxonomy":"category","embeddable":true,"href":"https:\/\/santemc.quebec\/icentre\/wp-json\/wp\/v2\/categories?post=2299"},{"taxonomy":"post_tag","embeddable":true,"href":"https:\/\/santemc.quebec\/icentre\/wp-json\/wp\/v2\/tags?post=2299"}],"curies":[{"name":"wp","href":"https:\/\/api.w.org\/{rel}","templated":true}]}}