{"id":230,"date":"2015-05-25T08:30:16","date_gmt":"2015-05-25T12:30:16","guid":{"rendered":"http:\/\/santemc.quebec\/icentre\/?p=230"},"modified":"2015-05-25T10:23:40","modified_gmt":"2015-05-25T14:23:40","slug":"invitation-a-la-15e-journee-annuelle-du-reseau-de-cancerologie-de-la-monteregie-sous-le-theme-le-reseau-en-changement-stress-et-adaptation","status":"publish","type":"post","link":"https:\/\/santemc.quebec\/icentre\/invitation-a-la-15e-journee-annuelle-du-reseau-de-cancerologie-de-la-monteregie-sous-le-theme-le-reseau-en-changement-stress-et-adaptation\/","title":{"rendered":"Invitation \u00e0 la 15e journ\u00e9e annuelle du R\u00e9seau de canc\u00e9rologie de la Mont\u00e9r\u00e9gie"},"content":{"rendered":"<p>Le R\u00e9seau de canc\u00e9rologie de la Mont\u00e9r\u00e9gie (RCM) accueillera, le 5 juin prochain, divers professionnels de la sant\u00e9 et des services sociaux engag\u00e9s en canc\u00e9rologie lors la 15<sup>e<\/sup> \u00e9dition de sa journ\u00e9e annuelle, qui aura lieu cette ann\u00e9e sous le th\u00e8me <em>Le r\u00e9seau en changement\u00a0: stress et adaptation<\/em>.<!--more--><\/p>\n<p>Pr\u00e8s de 200 participants sont attendus pour y discuter des enjeux auxquels le RCM et ses communaut\u00e9s de pratique font face dans le contexte d\u2019un syst\u00e8me de sant\u00e9 en changement. Au programme, les gens pourront entendre des conf\u00e9renciers de renom et participer \u00e0 une pl\u00e9ni\u00e8re sur l\u2019avenir du r\u00e9seau. Une s\u00e9rie d\u2019ateliers seront \u00e9galement offerts sur des aspects bien concrets des soins oncologiques.<\/p>\n<p>Vous \u00eates un m\u00e9decin ou un professionnel travaillant en oncologie et souhaitez participer \u00e0 l\u2019\u00e9v\u00e9nement? Contactez sans tarder madame Diane Potvin au 450 466-5000, poste 3825.<\/p>\n<p><strong>C\u2019EST UN RENDEZ-VOUS!<\/strong><\/p>\n<p><strong>Vendredi 5 juin 2015 <\/strong><\/p>\n<p>H\u00f4tel Rive Gauche,<br \/>\n1810, boulevard Richelieu, Beloeil<\/p>\n<p>Le RCM soutient, depuis bient\u00f4t pr\u00e8s de 15 ans, les professionnels et les \u00e9quipes du r\u00e9seau afin d\u2019assurer une approche int\u00e9gr\u00e9e, concert\u00e9e et coordonn\u00e9e dans les programmes de lutte contre cancer des \u00e9tablissements et avec les partenaires du r\u00e9seau.<\/p>\n","protected":false},"excerpt":{"rendered":"<p>Le R\u00e9seau de canc\u00e9rologie de la Mont\u00e9r\u00e9gie (RCM) accueillera, le 5 juin prochain, divers professionnels de la sant\u00e9 et des services sociaux engag\u00e9s en canc\u00e9rologie lors la 15e \u00e9dition de sa journ\u00e9e annuelle, qui aura lieu cette ann\u00e9e sous le &hellip; <a href=\"https:\/\/santemc.quebec\/icentre\/invitation-a-la-15e-journee-annuelle-du-reseau-de-cancerologie-de-la-monteregie-sous-le-theme-le-reseau-en-changement-stress-et-adaptation\/\">Continuer la lecture <span class=\"meta-nav\">&rarr;<\/span><\/a><\/p>\n","protected":false},"author":1,"featured_media":0,"comment_status":"open","ping_status":"closed","sticky":false,"template":"","format":"standard","meta":{"footnotes":""},"categories":[1],"tags":[13,12],"_links":{"self":[{"href":"https:\/\/santemc.quebec\/icentre\/wp-json\/wp\/v2\/posts\/230"}],"collection":[{"href":"https:\/\/santemc.quebec\/icentre\/wp-json\/wp\/v2\/posts"}],"about":[{"href":"https:\/\/santemc.quebec\/icentre\/wp-json\/wp\/v2\/types\/post"}],"author":[{"embeddable":true,"href":"https:\/\/santemc.quebec\/icentre\/wp-json\/wp\/v2\/users\/1"}],"replies":[{"embeddable":true,"href":"https:\/\/santemc.quebec\/icentre\/wp-json\/wp\/v2\/comments?post=230"}],"version-history":[{"count":2,"href":"https:\/\/santemc.quebec\/icentre\/wp-json\/wp\/v2\/posts\/230\/revisions"}],"predecessor-version":[{"id":232,"href":"https:\/\/santemc.quebec\/icentre\/wp-json\/wp\/v2\/posts\/230\/revisions\/232"}],"wp:attachment":[{"href":"https:\/\/santemc.quebec\/icentre\/wp-json\/wp\/v2\/media?parent=230"}],"wp:term":[{"taxonomy":"category","embeddable":true,"href":"https:\/\/santemc.quebec\/icentre\/wp-json\/wp\/v2\/categories?post=230"},{"taxonomy":"post_tag","embeddable":true,"href":"https:\/\/santemc.quebec\/icentre\/wp-json\/wp\/v2\/tags?post=230"}],"curies":[{"name":"wp","href":"https:\/\/api.w.org\/{rel}","templated":true}]}}