{"id":2326,"date":"2016-05-25T16:07:49","date_gmt":"2016-05-25T20:07:49","guid":{"rendered":"http:\/\/santemc.quebec\/icentre\/?p=2326"},"modified":"2016-05-25T17:16:35","modified_gmt":"2016-05-25T21:16:35","slug":"2326","status":"publish","type":"post","link":"https:\/\/santemc.quebec\/icentre\/2326\/","title":{"rendered":"Invitation au spectacle de chant Ces Voix Oubli\u00e9es"},"content":{"rendered":"<p><a href=\"https:\/\/santemc.quebec\/icentre\/?attachment_id=2334\" rel=\"attachment wp-att-2334\"><img decoding=\"async\" loading=\"lazy\" class=\"alignleft size-thumbnail wp-image-2334\" src=\"http:\/\/santemc.quebec\/santemc\/icentre\/wp-content\/uploads\/2016\/05\/Sans-titre-150x150.png\" alt=\"Sans titre\" width=\"150\" height=\"150\" srcset=\"https:\/\/santemc.quebec\/santemc\/icentre\/wp-content\/uploads\/2016\/05\/Sans-titre-150x150.png 150w, https:\/\/santemc.quebec\/santemc\/icentre\/wp-content\/uploads\/2016\/05\/Sans-titre-300x298.png 300w, https:\/\/santemc.quebec\/santemc\/icentre\/wp-content\/uploads\/2016\/05\/Sans-titre-768x763.png 768w, https:\/\/santemc.quebec\/santemc\/icentre\/wp-content\/uploads\/2016\/05\/Sans-titre-302x300.png 302w, https:\/\/santemc.quebec\/santemc\/icentre\/wp-content\/uploads\/2016\/05\/Sans-titre.png 960w\" sizes=\"(max-width: 150px) 100vw, 150px\" \/><\/a>Pour sa 11e \u00e9dition, 11 usagers-chanteurs du CISSS de la Mont\u00e9r\u00e9gie-Centre et organismes communautaires vous invitent \u00e0 leur spectacle de chant pr\u00e9sent\u00e9 le 9 juin au Centre socioculturel de Brossard \u00e0 19 h. C\u2019est avec ferveur que ces personnes, aux prises avec un probl\u00e8me de sant\u00e9 mentale, ont pris part \u00e0 ce projet, accompagn\u00e9s de Serge Vincent, auteur-compositeur-interpr\u00e8te.<!--more--><\/p>\n<p>En tirant profit de leurs forces int\u00e9rieures, ces artistes ont pu participer activement \u00e0 leur processus de r\u00e9tablissement tout en cherchant \u00e0 atteindre leur plein potentiel. Ce fut pour eux une d\u00e9marche transformatrice afin de trouver une nouvelle identit\u00e9 positive en tenant compte de la maladie, tout en conservant un sentiment fondamental positif quand \u00e0 soi-m\u00eame.<\/p>\n<p>Rappelons qu&rsquo;en 2005, une jeune femme schizophr\u00e8ne qui suivait des cours de chant avec M. Vincent Raymond lui avait propos\u00e9 une id\u00e9e originale qu&rsquo;il m\u00e8ne \u00e0 terme \u00e0 chaque ann\u00e9e par cette activit\u00e9 de r\u00e9tablissement par le chant. L&rsquo;objectif est simple: que l&rsquo;usager reprenne go\u00fbt \u00e0 la vie et confiance en ses capacit\u00e9s.<\/p>\n<p>C\u2019est donc une invitation \u00e0 ne pas manquer. Venez encourager et applaudir ces artistes qui ont multipli\u00e9 les efforts et fait preuve de courage et de d\u00e9termination, au cours des derniers mois, pour vous pr\u00e9senter un spectacle musical original.<\/p>\n<p><strong>QUAND\u00a0:<\/strong> \u00a0\u00a0\u00a0\u00a0\u00a0\u00a0 Jeudi 9 juin \u00e0 19\u00a0h<br \/>\n<strong>O\u00d9\u00a0:<\/strong> \u00a0\u00a0\u00a0\u00a0\u00a0\u00a0\u00a0\u00a0\u00a0\u00a0\u00a0\u00a0\u00a0\u00a0 Centre sociocultural, 7905 av. San Francisco \u00e0 Brossard<br \/>\n<strong>CO\u00dbT:<\/strong>\u00a0\u00a0\u00a0\u00a0\u00a0\u00a0\u00a0\u00a0\u00a0\u00a0\u00a0\u00a010 $ (gratuit pour les 12 ans et moins)<\/p>\n<p><span style=\"color: #0000ff;\">POUR L\u2019ACHAT DE BILLETS:<br \/>\n<\/span><strong>450 346-2222, poste 1<\/strong>, pour Saint-Jean-sur-Richelieu et les environs<br \/>\n<strong>450\u00a0443-7400, poste 7048<\/strong>, pour Brossard et les environs<\/p>\n<p><img decoding=\"async\" loading=\"lazy\" class=\"aligncenter wp-image-2324\" src=\"http:\/\/santemc.quebec\/santemc\/icentre\/wp-content\/uploads\/2016\/05\/Affiche-CVO_finale-663x1024.jpg\" alt=\"Affiche CVO_finale\" width=\"400\" height=\"618\" srcset=\"https:\/\/santemc.quebec\/santemc\/icentre\/wp-content\/uploads\/2016\/05\/Affiche-CVO_finale-663x1024.jpg 663w, https:\/\/santemc.quebec\/santemc\/icentre\/wp-content\/uploads\/2016\/05\/Affiche-CVO_finale-194x300.jpg 194w, https:\/\/santemc.quebec\/santemc\/icentre\/wp-content\/uploads\/2016\/05\/Affiche-CVO_finale-768x1187.jpg 768w, https:\/\/santemc.quebec\/santemc\/icentre\/wp-content\/uploads\/2016\/05\/Affiche-CVO_finale.jpg 1650w\" sizes=\"(max-width: 400px) 100vw, 400px\" \/><\/p>\n<p>&nbsp;<\/p>\n<p>&nbsp;<\/p>\n","protected":false},"excerpt":{"rendered":"<p>Pour sa 11e \u00e9dition, 11 usagers-chanteurs du CISSS de la Mont\u00e9r\u00e9gie-Centre et organismes communautaires vous invitent \u00e0 leur spectacle de chant pr\u00e9sent\u00e9 le 9 juin au Centre socioculturel de Brossard \u00e0 19 h. C\u2019est avec ferveur que ces personnes, aux &hellip; <a href=\"https:\/\/santemc.quebec\/icentre\/2326\/\">Continuer la lecture <span class=\"meta-nav\">&rarr;<\/span><\/a><\/p>\n","protected":false},"author":1,"featured_media":0,"comment_status":"open","ping_status":"closed","sticky":false,"template":"","format":"standard","meta":{"footnotes":""},"categories":[1],"tags":[],"_links":{"self":[{"href":"https:\/\/santemc.quebec\/icentre\/wp-json\/wp\/v2\/posts\/2326"}],"collection":[{"href":"https:\/\/santemc.quebec\/icentre\/wp-json\/wp\/v2\/posts"}],"about":[{"href":"https:\/\/santemc.quebec\/icentre\/wp-json\/wp\/v2\/types\/post"}],"author":[{"embeddable":true,"href":"https:\/\/santemc.quebec\/icentre\/wp-json\/wp\/v2\/users\/1"}],"replies":[{"embeddable":true,"href":"https:\/\/santemc.quebec\/icentre\/wp-json\/wp\/v2\/comments?post=2326"}],"version-history":[{"count":6,"href":"https:\/\/santemc.quebec\/icentre\/wp-json\/wp\/v2\/posts\/2326\/revisions"}],"predecessor-version":[{"id":2335,"href":"https:\/\/santemc.quebec\/icentre\/wp-json\/wp\/v2\/posts\/2326\/revisions\/2335"}],"wp:attachment":[{"href":"https:\/\/santemc.quebec\/icentre\/wp-json\/wp\/v2\/media?parent=2326"}],"wp:term":[{"taxonomy":"category","embeddable":true,"href":"https:\/\/santemc.quebec\/icentre\/wp-json\/wp\/v2\/categories?post=2326"},{"taxonomy":"post_tag","embeddable":true,"href":"https:\/\/santemc.quebec\/icentre\/wp-json\/wp\/v2\/tags?post=2326"}],"curies":[{"name":"wp","href":"https:\/\/api.w.org\/{rel}","templated":true}]}}