{"id":233,"date":"2015-05-25T12:59:40","date_gmt":"2015-05-25T16:59:40","guid":{"rendered":"http:\/\/santemc.quebec\/icentre\/?p=233"},"modified":"2015-05-25T13:33:36","modified_gmt":"2015-05-25T17:33:36","slug":"lagrandissement-majeur-de-lhopital-du-haut-richelieu-la-structure-prend-forme","status":"publish","type":"post","link":"https:\/\/santemc.quebec\/icentre\/lagrandissement-majeur-de-lhopital-du-haut-richelieu-la-structure-prend-forme\/","title":{"rendered":"L\u2019agrandissement majeur de l\u2019H\u00f4pital du Haut-Richelieu \u2013 La structure prend forme!"},"content":{"rendered":"<p><a href=\"http:\/\/santemc.quebec\/santemc\/icentre\/wp-content\/uploads\/2015\/05\/DSC0016_BC.jpg\"><img decoding=\"async\" loading=\"lazy\" class=\"  alignleft wp-image-240\" src=\"http:\/\/santemc.quebec\/santemc\/icentre\/wp-content\/uploads\/2015\/05\/DSC0016_BC-300x200.jpg\" alt=\"Urgence en construction\" width=\"275\" height=\"187\" \/><\/a><\/p>\n<p>Le chantier est actuellement une vraie ruche dans laquelle les travailleurs de la construction s\u2019activent de jour et parfois de soir et de nuit \u00e0 \u00e9riger le nouveau b\u00e2timent. \u00c0 la fin de l&rsquo;\u00e9t\u00e9 2015, l&rsquo;enveloppe ext\u00e9rieure sera termin\u00e9e et parall\u00e8lement, on amorce les travaux reliant le b\u00e2timent existant de l\u2019H\u00f4pital \u00e0 l&rsquo;agrandissement. Mentionnons que la livraison de l\u2019agrandissement est pr\u00e9vue au printemps 2017.<!--more--><\/p>\n<p>M\u00eame si on n\u2019en aper\u00e7oit que le squelette, on constate d\u00e9j\u00e0 les imposantes dimensions de la nouvelle structure. En fait, l\u2019agrandissement augmentera de 43 % la superficie de l\u2019H\u00f4pital pour y accueillir des d\u00e9partements n\u00e9vralgiques tels que l\u2019urgence (rez-de-chauss\u00e9e), le bloc op\u00e9ratoire, la chirurgie d\u2019un jour et les soins intensifs (2e \u00e9tage) ainsi que les laboratoires (3e \u00e9tage).<\/p>\n<p>D\u00e9j\u00e0, le personnel est \u00e0 pied d\u2019\u0153uvre pour assurer une transition harmonieuse vers la nouvelle aile. Ainsi, soulignons l\u2019important travail effectu\u00e9 par les \u00e9quipes des secteurs touch\u00e9s par l\u2019agrandissement au cours des derniers mois. Elles ont particip\u00e9 activement \u00e0 compl\u00e9ter les arrimages, la r\u00e9vision des processus en lien avec les nouveaux am\u00e9nagements ainsi que les plans de mitigation.<\/p>\n<p>Rappelons que ce projet de l\u2019ordre de 105 millions de dollars est financ\u00e9 majoritairement par le minist\u00e8re de la Sant\u00e9 et des Services sociaux.<\/p>\n<p>&nbsp;<\/p>\n","protected":false},"excerpt":{"rendered":"<p>Le chantier est actuellement une vraie ruche dans laquelle les travailleurs de la construction s\u2019activent de jour et parfois de soir et de nuit \u00e0 \u00e9riger le nouveau b\u00e2timent. \u00c0 la fin de l&rsquo;\u00e9t\u00e9 2015, l&rsquo;enveloppe ext\u00e9rieure sera termin\u00e9e et &hellip; <a href=\"https:\/\/santemc.quebec\/icentre\/lagrandissement-majeur-de-lhopital-du-haut-richelieu-la-structure-prend-forme\/\">Continuer la lecture <span class=\"meta-nav\">&rarr;<\/span><\/a><\/p>\n","protected":false},"author":1,"featured_media":0,"comment_status":"open","ping_status":"closed","sticky":false,"template":"","format":"standard","meta":{"footnotes":""},"categories":[2],"tags":[],"_links":{"self":[{"href":"https:\/\/santemc.quebec\/icentre\/wp-json\/wp\/v2\/posts\/233"}],"collection":[{"href":"https:\/\/santemc.quebec\/icentre\/wp-json\/wp\/v2\/posts"}],"about":[{"href":"https:\/\/santemc.quebec\/icentre\/wp-json\/wp\/v2\/types\/post"}],"author":[{"embeddable":true,"href":"https:\/\/santemc.quebec\/icentre\/wp-json\/wp\/v2\/users\/1"}],"replies":[{"embeddable":true,"href":"https:\/\/santemc.quebec\/icentre\/wp-json\/wp\/v2\/comments?post=233"}],"version-history":[{"count":8,"href":"https:\/\/santemc.quebec\/icentre\/wp-json\/wp\/v2\/posts\/233\/revisions"}],"predecessor-version":[{"id":251,"href":"https:\/\/santemc.quebec\/icentre\/wp-json\/wp\/v2\/posts\/233\/revisions\/251"}],"wp:attachment":[{"href":"https:\/\/santemc.quebec\/icentre\/wp-json\/wp\/v2\/media?parent=233"}],"wp:term":[{"taxonomy":"category","embeddable":true,"href":"https:\/\/santemc.quebec\/icentre\/wp-json\/wp\/v2\/categories?post=233"},{"taxonomy":"post_tag","embeddable":true,"href":"https:\/\/santemc.quebec\/icentre\/wp-json\/wp\/v2\/tags?post=233"}],"curies":[{"name":"wp","href":"https:\/\/api.w.org\/{rel}","templated":true}]}}